{"id":4230,"date":"2026-09-02T13:59:08","date_gmt":"2026-09-02T13:59:08","guid":{"rendered":"https:\/\/unde-uedn.com\/?p=4230"},"modified":"2026-09-03T12:47:15","modified_gmt":"2026-09-03T12:47:15","slug":"un-appel-aux-leaders-syndicaux-de-luedn-posez-votre-candidature-au-programme-de-certificat-du-csc","status":"publish","type":"post","link":"https:\/\/unde-uedn.com\/fr\/un-appel-aux-leaders-syndicaux-de-luedn-posez-votre-candidature-au-programme-de-certificat-du-csc\/","title":{"rendered":"Un appel aux leaders syndicaux de l\u2019UEDN : posez votre candidature au Programme de certificat du CSC"},"content":{"rendered":"\n<p class=\"wp-block-paragraph\">L&rsquo;Union des employ\u00e9s de la D\u00e9fense nationale invite ses membres int\u00e9ress\u00e9s \u00e0 poser leur candidature au <a href=\"https:\/\/canadianlabour.ca\/fr\/qui-nous-sommes\/education-syndicale\/college-canadien-des-travailleurs\/\">Programme de certificat du Coll\u00e8ge syndical du Canada<\/a>.\u2014 un cours approfondis de niveau universitaire\u00a0dans des domaines li\u00e9s au travail et aux droits des travailleuses et travailleurs du Canada.\u00a0<\/p>\n\n\n\n<p class=\"wp-block-paragraph\">Les personnes dipl\u00f4m\u00e9es de ce programme <strong>enti\u00e8rement financ\u00e9<\/strong> acquerront de nouvelles comp\u00e9tences et connaissances afin de relever les d\u00e9fis actuels et d\u2019occuper des postes de leadership au sein de l\u2019UEDN, des conseils du travail et du mouvement syndical en g\u00e9n\u00e9ral, au profit des travailleuses et des travailleurs.<\/p>\n\n\n\n<div class=\"wp-block-buttons alignfull has-sky-blue-background-color has-background is-content-justification-center is-layout-flex wp-container-core-buttons-is-layout-9b025ef9 wp-block-buttons-is-layout-flex\" style=\"padding-top:44px;padding-bottom:44px\">\n<div class=\"wp-block-button\"><a class=\"wp-block-button__link has-burgundy-background-color has-background has-text-align-center wp-element-button\" href=\"https:\/\/congresdutravail.ca\/qui-nous-sommes\/education-syndicale\/le-college-syndical-du-canada\/\">En savoir plus et poser votre candidature d\u2019ici le 14 septembre.<\/a><\/div>\n<\/div>\n\n\n\n<h3 class=\"wp-block-heading\">Crit\u00e8res de s\u00e9lection<\/h3>\n\n\n\n<p class=\"wp-block-paragraph\">En principe, les candidatures retenues rempliront les conditions suivantes. La personne :<\/p>\n\n\n\n<ul class=\"wp-block-list\">\n<li>est en position ou est susceptible de se retrouver dans une position lui permettant d\u2019appliquer les connaissances apprises au Coll\u00e8ge et de contribuer efficacement \u00e0 rendre notre syndicat plus fort et plus efficace \u00e0 l\u2019\u00e9chelle locale, r\u00e9gionale ou nationale par l\u2019entremise de l\u2019AFPC ou des \u00c9l\u00e9ments;<\/li>\n\n\n\n<li>a montr\u00e9 qu\u2019elle pouvait mener une r\u00e9flexion critique, ouverte et cr\u00e9atrice. Autrement dit, elle est capable de comprendre les d\u00e9fis complexes auxquels les syndicats font face et de se montrer ouverte \u00e0 adopter de nouvelles m\u00e9thodes pour les surmonter;<\/li>\n\n\n\n<li>est ouverte aux nouvelles id\u00e9es, souhaite en savoir plus sur son syndicat et d\u2019autres organisations syndicales, en plus d\u2019\u00eatre d\u00e9termin\u00e9e \u00e0 oeuvrer pour son syndicat \u00e0 court et \u00e0 long terme;<\/li>\n\n\n\n<li>poss\u00e8de une connaissance approfondie du mouvement syndical et des mouvements sociaux. Ainsi, elle doit avoir particip\u00e9 activement au mouvement syndical pendant au moins trois ans et avoir de l\u2019exp\u00e9rience dans le domaine de la justice sociale communautaire;<\/li>\n\n\n\n<li>a de l\u2019exp\u00e9rience dans le domaine de l\u2019\u00e9quit\u00e9 et des droits de la personne;<\/li>\n\n\n\n<li>comprend et accepte qu\u2019elle devra investir du temps et des efforts consid\u00e9rables dans le Coll\u00e8ge syndical pour terminer le programme.<\/li>\n<\/ul>\n\n\n\n<h3 class=\"wp-block-heading\">Processus de s\u00e9lection<\/h3>\n\n\n\n<p class=\"wp-block-paragraph\">L\u2019AFPC examinera uniquement les candidatures qui r\u00e9pondent aux crit\u00e8res minimums \u00e9tablis par le registraire du Coll\u00e8ge syndical du Canada.<\/p>\n\n\n\n<h2 class=\"wp-block-heading\">Questions?<\/h2>\n\n\n\n<p class=\"wp-block-paragraph\">Si vous avez des questions, communiquez avec Carlin Doutre, agent national d\u2019\u00e9ducation, \u00e0 <a href=\"mailto:DoutreC@psac-afpc.com\">DoutreC@psac-afpc.com<\/a> ou au 438-315-3111.<\/p>\n\n\n\n<p class=\"wp-block-paragraph\"><\/p>\n","protected":false},"excerpt":{"rendered":"<p>L&rsquo;Union des employ\u00e9s de la D\u00e9fense nationale invite ses membres int\u00e9ress\u00e9s \u00e0 poser leur candidature au Programme de certificat du Coll\u00e8ge syndical du Canada.\u2014 un cours approfondis de niveau universitaire\u00a0dans des domaines li\u00e9s au travail et aux droits des travailleuses et travailleurs du Canada.\u00a0 Les personnes dipl\u00f4m\u00e9es de ce programme enti\u00e8rement financ\u00e9 acquerront de nouvelles [&hellip;]<\/p>\n","protected":false},"author":2,"featured_media":4233,"comment_status":"open","ping_status":"open","sticky":false,"template":"","format":"standard","meta":{"unde_external_url":"","footnotes":""},"categories":[27],"tags":[],"class_list":["post-4230","post","type-post","status-publish","format-standard","has-post-thumbnail","hentry","category-non-classe"],"yoast_head":"<!-- This site is optimized with the Yoast SEO plugin v28.4 - https:\/\/yoast.com\/product\/yoast-seo-wordpress\/ -->\n<title>Un appel aux leaders syndicaux de l\u2019UEDN : posez votre candidature au Programme de certificat du CSC - Union des employ\u00e9s de la D\u00e9fense nationale<\/title>\n<meta name=\"robots\" content=\"index, follow, max-snippet:-1, max-image-preview:large, max-video-preview:-1\" \/>\n<link rel=\"canonical\" href=\"https:\/\/unde-uedn.com\/fr\/un-appel-aux-leaders-syndicaux-de-luedn-posez-votre-candidature-au-programme-de-certificat-du-csc\/\" \/>\n<meta property=\"og:locale\" content=\"fr_FR\" \/>\n<meta property=\"og:type\" content=\"article\" \/>\n<meta property=\"og:title\" content=\"Un appel aux leaders syndicaux de l\u2019UEDN : posez votre candidature au Programme de certificat du CSC - Union des employ\u00e9s de la D\u00e9fense nationale\" \/>\n<meta property=\"og:description\" content=\"L&rsquo;Union des employ\u00e9s de la D\u00e9fense nationale invite ses membres int\u00e9ress\u00e9s \u00e0 poser leur candidature au Programme de certificat du Coll\u00e8ge syndical du Canada.\u2014 un cours approfondis de niveau universitaire\u00a0dans des domaines li\u00e9s au travail et aux droits des travailleuses et travailleurs du Canada.\u00a0 Les personnes dipl\u00f4m\u00e9es de ce programme enti\u00e8rement financ\u00e9 acquerront de nouvelles [&hellip;]\" \/>\n<meta property=\"og:url\" content=\"https:\/\/unde-uedn.com\/fr\/un-appel-aux-leaders-syndicaux-de-luedn-posez-votre-candidature-au-programme-de-certificat-du-csc\/\" \/>\n<meta property=\"og:site_name\" content=\"Union des employ\u00e9s de la D\u00e9fense nationale\" \/>\n<meta property=\"article:published_time\" content=\"2026-09-02T13:59:08+00:00\" \/>\n<meta property=\"article:modified_time\" content=\"2026-09-03T12:47:15+00:00\" \/>\n<meta property=\"og:image\" content=\"https:\/\/unde-uedn.com\/wp-content\/uploads\/2026\/09\/AdobeStock_1928767515-scaled.jpeg\" \/>\n\t<meta property=\"og:image:width\" content=\"2560\" \/>\n\t<meta property=\"og:image:height\" content=\"1435\" \/>\n\t<meta property=\"og:image:type\" content=\"image\/jpeg\" \/>\n<meta name=\"author\" content=\"jessica vaid\" \/>\n<meta name=\"twitter:card\" content=\"summary_large_image\" \/>\n<meta name=\"twitter:label1\" content=\"\u00c9crit par\" \/>\n\t<meta name=\"twitter:data1\" content=\"jessica vaid\" \/>\n\t<meta name=\"twitter:label2\" content=\"Dur\u00e9e de lecture estim\u00e9e\" \/>\n\t<meta name=\"twitter:data2\" content=\"2 minutes\" \/>\n<script type=\"application\/ld+json\" class=\"yoast-schema-graph\">{\"@context\":\"https:\\\/\\\/schema.org\",\"@graph\":[{\"@type\":\"Article\",\"@id\":\"https:\\\/\\\/unde-uedn.com\\\/fr\\\/un-appel-aux-leaders-syndicaux-de-luedn-posez-votre-candidature-au-programme-de-certificat-du-csc\\\/#article\",\"isPartOf\":{\"@id\":\"https:\\\/\\\/unde-uedn.com\\\/fr\\\/un-appel-aux-leaders-syndicaux-de-luedn-posez-votre-candidature-au-programme-de-certificat-du-csc\\\/\"},\"author\":{\"name\":\"jessica vaid\",\"@id\":\"https:\\\/\\\/unde-uedn.com\\\/fr\\\/#\\\/schema\\\/person\\\/4688981e849c9166d1ff5a20649e1ec9\"},\"headline\":\"Un appel aux leaders syndicaux de l\u2019UEDN : posez votre candidature au Programme de certificat du CSC\",\"datePublished\":\"2026-09-02T13:59:08+00:00\",\"dateModified\":\"2026-09-03T12:47:15+00:00\",\"mainEntityOfPage\":{\"@id\":\"https:\\\/\\\/unde-uedn.com\\\/fr\\\/un-appel-aux-leaders-syndicaux-de-luedn-posez-votre-candidature-au-programme-de-certificat-du-csc\\\/\"},\"wordCount\":406,\"commentCount\":0,\"image\":{\"@id\":\"https:\\\/\\\/unde-uedn.com\\\/fr\\\/un-appel-aux-leaders-syndicaux-de-luedn-posez-votre-candidature-au-programme-de-certificat-du-csc\\\/#primaryimage\"},\"thumbnailUrl\":\"https:\\\/\\\/unde-uedn.com\\\/wp-content\\\/uploads\\\/2026\\\/09\\\/AdobeStock_1928767515-scaled.jpeg\",\"inLanguage\":\"fr-FR\",\"potentialAction\":[{\"@type\":\"CommentAction\",\"name\":\"Comment\",\"target\":[\"https:\\\/\\\/unde-uedn.com\\\/fr\\\/un-appel-aux-leaders-syndicaux-de-luedn-posez-votre-candidature-au-programme-de-certificat-du-csc\\\/#respond\"]}]},{\"@type\":\"WebPage\",\"@id\":\"https:\\\/\\\/unde-uedn.com\\\/fr\\\/un-appel-aux-leaders-syndicaux-de-luedn-posez-votre-candidature-au-programme-de-certificat-du-csc\\\/\",\"url\":\"https:\\\/\\\/unde-uedn.com\\\/fr\\\/un-appel-aux-leaders-syndicaux-de-luedn-posez-votre-candidature-au-programme-de-certificat-du-csc\\\/\",\"name\":\"Un appel aux leaders syndicaux de l\u2019UEDN : posez votre candidature au Programme de certificat du CSC - Union des employ\u00e9s de la D\u00e9fense nationale\",\"isPartOf\":{\"@id\":\"https:\\\/\\\/unde-uedn.com\\\/fr\\\/#website\"},\"primaryImageOfPage\":{\"@id\":\"https:\\\/\\\/unde-uedn.com\\\/fr\\\/un-appel-aux-leaders-syndicaux-de-luedn-posez-votre-candidature-au-programme-de-certificat-du-csc\\\/#primaryimage\"},\"image\":{\"@id\":\"https:\\\/\\\/unde-uedn.com\\\/fr\\\/un-appel-aux-leaders-syndicaux-de-luedn-posez-votre-candidature-au-programme-de-certificat-du-csc\\\/#primaryimage\"},\"thumbnailUrl\":\"https:\\\/\\\/unde-uedn.com\\\/wp-content\\\/uploads\\\/2026\\\/09\\\/AdobeStock_1928767515-scaled.jpeg\",\"datePublished\":\"2026-09-02T13:59:08+00:00\",\"dateModified\":\"2026-09-03T12:47:15+00:00\",\"author\":{\"@id\":\"https:\\\/\\\/unde-uedn.com\\\/fr\\\/#\\\/schema\\\/person\\\/4688981e849c9166d1ff5a20649e1ec9\"},\"breadcrumb\":{\"@id\":\"https:\\\/\\\/unde-uedn.com\\\/fr\\\/un-appel-aux-leaders-syndicaux-de-luedn-posez-votre-candidature-au-programme-de-certificat-du-csc\\\/#breadcrumb\"},\"inLanguage\":\"fr-FR\",\"potentialAction\":[{\"@type\":\"ReadAction\",\"target\":[\"https:\\\/\\\/unde-uedn.com\\\/fr\\\/un-appel-aux-leaders-syndicaux-de-luedn-posez-votre-candidature-au-programme-de-certificat-du-csc\\\/\"]}]},{\"@type\":\"ImageObject\",\"inLanguage\":\"fr-FR\",\"@id\":\"https:\\\/\\\/unde-uedn.com\\\/fr\\\/un-appel-aux-leaders-syndicaux-de-luedn-posez-votre-candidature-au-programme-de-certificat-du-csc\\\/#primaryimage\",\"url\":\"https:\\\/\\\/unde-uedn.com\\\/wp-content\\\/uploads\\\/2026\\\/09\\\/AdobeStock_1928767515-scaled.jpeg\",\"contentUrl\":\"https:\\\/\\\/unde-uedn.com\\\/wp-content\\\/uploads\\\/2026\\\/09\\\/AdobeStock_1928767515-scaled.jpeg\",\"width\":2560,\"height\":1435,\"caption\":\"High school and college students study while taking exams in classrooms with a focus on scholarship opportunities for studying abroad\"},{\"@type\":\"BreadcrumbList\",\"@id\":\"https:\\\/\\\/unde-uedn.com\\\/fr\\\/un-appel-aux-leaders-syndicaux-de-luedn-posez-votre-candidature-au-programme-de-certificat-du-csc\\\/#breadcrumb\",\"itemListElement\":[{\"@type\":\"ListItem\",\"position\":1,\"name\":\"Home\",\"item\":\"https:\\\/\\\/unde-uedn.com\\\/fr\\\/\"},{\"@type\":\"ListItem\",\"position\":2,\"name\":\"Un appel aux leaders syndicaux de l\u2019UEDN : posez votre candidature au Programme de certificat du CSC\"}]},{\"@type\":\"WebSite\",\"@id\":\"https:\\\/\\\/unde-uedn.com\\\/fr\\\/#website\",\"url\":\"https:\\\/\\\/unde-uedn.com\\\/fr\\\/\",\"name\":\"Union des employ\u00e9s de la D\u00e9fense nationale\",\"description\":\"Representing Department of National Defence employees across Canada\",\"potentialAction\":[{\"@type\":\"SearchAction\",\"target\":{\"@type\":\"EntryPoint\",\"urlTemplate\":\"https:\\\/\\\/unde-uedn.com\\\/fr\\\/?s={search_term_string}\"},\"query-input\":{\"@type\":\"PropertyValueSpecification\",\"valueRequired\":true,\"valueName\":\"search_term_string\"}}],\"inLanguage\":\"fr-FR\"},{\"@type\":\"Person\",\"@id\":\"https:\\\/\\\/unde-uedn.com\\\/fr\\\/#\\\/schema\\\/person\\\/4688981e849c9166d1ff5a20649e1ec9\",\"name\":\"jessica vaid\",\"image\":{\"@type\":\"ImageObject\",\"inLanguage\":\"fr-FR\",\"@id\":\"https:\\\/\\\/secure.gravatar.com\\\/avatar\\\/c5f74017cf706a5759840ed80049313e9a3ac79eaa9a3241603483c0b3cba8ff?s=96&d=mm&r=g\",\"url\":\"https:\\\/\\\/secure.gravatar.com\\\/avatar\\\/c5f74017cf706a5759840ed80049313e9a3ac79eaa9a3241603483c0b3cba8ff?s=96&d=mm&r=g\",\"contentUrl\":\"https:\\\/\\\/secure.gravatar.com\\\/avatar\\\/c5f74017cf706a5759840ed80049313e9a3ac79eaa9a3241603483c0b3cba8ff?s=96&d=mm&r=g\",\"caption\":\"jessica vaid\"},\"url\":\"https:\\\/\\\/unde-uedn.com\\\/fr\\\/author\\\/jessicav\\\/\"}]}<\/script>\n<!-- \/ Yoast SEO plugin. -->","yoast_head_json":{"title":"Un appel aux leaders syndicaux de l\u2019UEDN : posez votre candidature au Programme de certificat du CSC - Union des employ\u00e9s de la D\u00e9fense nationale","robots":{"index":"index","follow":"follow","max-snippet":"max-snippet:-1","max-image-preview":"max-image-preview:large","max-video-preview":"max-video-preview:-1"},"canonical":"https:\/\/unde-uedn.com\/fr\/un-appel-aux-leaders-syndicaux-de-luedn-posez-votre-candidature-au-programme-de-certificat-du-csc\/","og_locale":"fr_FR","og_type":"article","og_title":"Un appel aux leaders syndicaux de l\u2019UEDN : posez votre candidature au Programme de certificat du CSC - Union des employ\u00e9s de la D\u00e9fense nationale","og_description":"L&rsquo;Union des employ\u00e9s de la D\u00e9fense nationale invite ses membres int\u00e9ress\u00e9s \u00e0 poser leur candidature au Programme de certificat du Coll\u00e8ge syndical du Canada.\u2014 un cours approfondis de niveau universitaire\u00a0dans des domaines li\u00e9s au travail et aux droits des travailleuses et travailleurs du Canada.\u00a0 Les personnes dipl\u00f4m\u00e9es de ce programme enti\u00e8rement financ\u00e9 acquerront de nouvelles [&hellip;]","og_url":"https:\/\/unde-uedn.com\/fr\/un-appel-aux-leaders-syndicaux-de-luedn-posez-votre-candidature-au-programme-de-certificat-du-csc\/","og_site_name":"Union des employ\u00e9s de la D\u00e9fense nationale","article_published_time":"2026-09-02T13:59:08+00:00","article_modified_time":"2026-09-03T12:47:15+00:00","og_image":[{"width":2560,"height":1435,"url":"https:\/\/unde-uedn.com\/wp-content\/uploads\/2026\/09\/AdobeStock_1928767515-scaled.jpeg","type":"image\/jpeg"}],"author":"jessica vaid","twitter_card":"summary_large_image","twitter_misc":{"\u00c9crit par":"jessica vaid","Dur\u00e9e de lecture estim\u00e9e":"2 minutes"},"schema":{"@context":"https:\/\/schema.org","@graph":[{"@type":"Article","@id":"https:\/\/unde-uedn.com\/fr\/un-appel-aux-leaders-syndicaux-de-luedn-posez-votre-candidature-au-programme-de-certificat-du-csc\/#article","isPartOf":{"@id":"https:\/\/unde-uedn.com\/fr\/un-appel-aux-leaders-syndicaux-de-luedn-posez-votre-candidature-au-programme-de-certificat-du-csc\/"},"author":{"name":"jessica vaid","@id":"https:\/\/unde-uedn.com\/fr\/#\/schema\/person\/4688981e849c9166d1ff5a20649e1ec9"},"headline":"Un appel aux leaders syndicaux de l\u2019UEDN : posez votre candidature au Programme de certificat du CSC","datePublished":"2026-09-02T13:59:08+00:00","dateModified":"2026-09-03T12:47:15+00:00","mainEntityOfPage":{"@id":"https:\/\/unde-uedn.com\/fr\/un-appel-aux-leaders-syndicaux-de-luedn-posez-votre-candidature-au-programme-de-certificat-du-csc\/"},"wordCount":406,"commentCount":0,"image":{"@id":"https:\/\/unde-uedn.com\/fr\/un-appel-aux-leaders-syndicaux-de-luedn-posez-votre-candidature-au-programme-de-certificat-du-csc\/#primaryimage"},"thumbnailUrl":"https:\/\/unde-uedn.com\/wp-content\/uploads\/2026\/09\/AdobeStock_1928767515-scaled.jpeg","inLanguage":"fr-FR","potentialAction":[{"@type":"CommentAction","name":"Comment","target":["https:\/\/unde-uedn.com\/fr\/un-appel-aux-leaders-syndicaux-de-luedn-posez-votre-candidature-au-programme-de-certificat-du-csc\/#respond"]}]},{"@type":"WebPage","@id":"https:\/\/unde-uedn.com\/fr\/un-appel-aux-leaders-syndicaux-de-luedn-posez-votre-candidature-au-programme-de-certificat-du-csc\/","url":"https:\/\/unde-uedn.com\/fr\/un-appel-aux-leaders-syndicaux-de-luedn-posez-votre-candidature-au-programme-de-certificat-du-csc\/","name":"Un appel aux leaders syndicaux de l\u2019UEDN : posez votre candidature au Programme de certificat du CSC - Union des employ\u00e9s de la D\u00e9fense nationale","isPartOf":{"@id":"https:\/\/unde-uedn.com\/fr\/#website"},"primaryImageOfPage":{"@id":"https:\/\/unde-uedn.com\/fr\/un-appel-aux-leaders-syndicaux-de-luedn-posez-votre-candidature-au-programme-de-certificat-du-csc\/#primaryimage"},"image":{"@id":"https:\/\/unde-uedn.com\/fr\/un-appel-aux-leaders-syndicaux-de-luedn-posez-votre-candidature-au-programme-de-certificat-du-csc\/#primaryimage"},"thumbnailUrl":"https:\/\/unde-uedn.com\/wp-content\/uploads\/2026\/09\/AdobeStock_1928767515-scaled.jpeg","datePublished":"2026-09-02T13:59:08+00:00","dateModified":"2026-09-03T12:47:15+00:00","author":{"@id":"https:\/\/unde-uedn.com\/fr\/#\/schema\/person\/4688981e849c9166d1ff5a20649e1ec9"},"breadcrumb":{"@id":"https:\/\/unde-uedn.com\/fr\/un-appel-aux-leaders-syndicaux-de-luedn-posez-votre-candidature-au-programme-de-certificat-du-csc\/#breadcrumb"},"inLanguage":"fr-FR","potentialAction":[{"@type":"ReadAction","target":["https:\/\/unde-uedn.com\/fr\/un-appel-aux-leaders-syndicaux-de-luedn-posez-votre-candidature-au-programme-de-certificat-du-csc\/"]}]},{"@type":"ImageObject","inLanguage":"fr-FR","@id":"https:\/\/unde-uedn.com\/fr\/un-appel-aux-leaders-syndicaux-de-luedn-posez-votre-candidature-au-programme-de-certificat-du-csc\/#primaryimage","url":"https:\/\/unde-uedn.com\/wp-content\/uploads\/2026\/09\/AdobeStock_1928767515-scaled.jpeg","contentUrl":"https:\/\/unde-uedn.com\/wp-content\/uploads\/2026\/09\/AdobeStock_1928767515-scaled.jpeg","width":2560,"height":1435,"caption":"High school and college students study while taking exams in classrooms with a focus on scholarship opportunities for studying abroad"},{"@type":"BreadcrumbList","@id":"https:\/\/unde-uedn.com\/fr\/un-appel-aux-leaders-syndicaux-de-luedn-posez-votre-candidature-au-programme-de-certificat-du-csc\/#breadcrumb","itemListElement":[{"@type":"ListItem","position":1,"name":"Home","item":"https:\/\/unde-uedn.com\/fr\/"},{"@type":"ListItem","position":2,"name":"Un appel aux leaders syndicaux de l\u2019UEDN : posez votre candidature au Programme de certificat du CSC"}]},{"@type":"WebSite","@id":"https:\/\/unde-uedn.com\/fr\/#website","url":"https:\/\/unde-uedn.com\/fr\/","name":"Union des employ\u00e9s de la D\u00e9fense nationale","description":"Representing Department of National Defence employees across Canada","potentialAction":[{"@type":"SearchAction","target":{"@type":"EntryPoint","urlTemplate":"https:\/\/unde-uedn.com\/fr\/?s={search_term_string}"},"query-input":{"@type":"PropertyValueSpecification","valueRequired":true,"valueName":"search_term_string"}}],"inLanguage":"fr-FR"},{"@type":"Person","@id":"https:\/\/unde-uedn.com\/fr\/#\/schema\/person\/4688981e849c9166d1ff5a20649e1ec9","name":"jessica vaid","image":{"@type":"ImageObject","inLanguage":"fr-FR","@id":"https:\/\/secure.gravatar.com\/avatar\/c5f74017cf706a5759840ed80049313e9a3ac79eaa9a3241603483c0b3cba8ff?s=96&d=mm&r=g","url":"https:\/\/secure.gravatar.com\/avatar\/c5f74017cf706a5759840ed80049313e9a3ac79eaa9a3241603483c0b3cba8ff?s=96&d=mm&r=g","contentUrl":"https:\/\/secure.gravatar.com\/avatar\/c5f74017cf706a5759840ed80049313e9a3ac79eaa9a3241603483c0b3cba8ff?s=96&d=mm&r=g","caption":"jessica vaid"},"url":"https:\/\/unde-uedn.com\/fr\/author\/jessicav\/"}]}},"_links":{"self":[{"href":"https:\/\/unde-uedn.com\/fr\/wp-json\/wp\/v2\/posts\/4230","targetHints":{"allow":["GET"]}}],"collection":[{"href":"https:\/\/unde-uedn.com\/fr\/wp-json\/wp\/v2\/posts"}],"about":[{"href":"https:\/\/unde-uedn.com\/fr\/wp-json\/wp\/v2\/types\/post"}],"author":[{"embeddable":true,"href":"https:\/\/unde-uedn.com\/fr\/wp-json\/wp\/v2\/users\/2"}],"replies":[{"embeddable":true,"href":"https:\/\/unde-uedn.com\/fr\/wp-json\/wp\/v2\/comments?post=4230"}],"version-history":[{"count":5,"href":"https:\/\/unde-uedn.com\/fr\/wp-json\/wp\/v2\/posts\/4230\/revisions"}],"predecessor-version":[{"id":4267,"href":"https:\/\/unde-uedn.com\/fr\/wp-json\/wp\/v2\/posts\/4230\/revisions\/4267"}],"wp:featuredmedia":[{"embeddable":true,"href":"https:\/\/unde-uedn.com\/fr\/wp-json\/wp\/v2\/media\/4233"}],"wp:attachment":[{"href":"https:\/\/unde-uedn.com\/fr\/wp-json\/wp\/v2\/media?parent=4230"}],"wp:term":[{"taxonomy":"category","embeddable":true,"href":"https:\/\/unde-uedn.com\/fr\/wp-json\/wp\/v2\/categories?post=4230"},{"taxonomy":"post_tag","embeddable":true,"href":"https:\/\/unde-uedn.com\/fr\/wp-json\/wp\/v2\/tags?post=4230"}],"curies":[{"name":"wp","href":"https:\/\/api.w.org\/{rel}","templated":true}]}}