{"id":4224,"date":"2026-09-01T19:21:08","date_gmt":"2026-09-01T19:21:08","guid":{"rendered":"https:\/\/unde-uedn.com\/?p=4224"},"modified":"2026-09-01T19:22:06","modified_gmt":"2026-09-01T19:22:06","slug":"5e-jour-du-congres-triennal-de-luedn-quittez-banff-en-pensant-a-la-suite","status":"publish","type":"post","link":"https:\/\/unde-uedn.com\/fr\/5e-jour-du-congres-triennal-de-luedn-quittez-banff-en-pensant-a-la-suite\/","title":{"rendered":"5e jour du Congr\u00e8s triennal de l\u2019UEDN : \u00ab Quittez Banff en pensant \u00e0 la suite \u00bb"},"content":{"rendered":"\n<p class=\"wp-block-paragraph\">La fum\u00e9e des feux de for\u00eat qui s\u00e9vissent dans les environs a commenc\u00e9 \u00e0 gagner Banff t\u00f4t au cours de la cinqui\u00e8me journ\u00e9e, marquant la fin du 20e Congr\u00e8s triennal de l\u2019UEDN et le d\u00e9but d\u2019un nouveau mandat.<\/p>\n\n\n\n<p class=\"wp-block-paragraph\">Apr\u00e8s une semaine consacr\u00e9e \u00e0 l\u2019\u00e9tude de r\u00e9solutions, les personnes d\u00e9l\u00e9gu\u00e9es \u00e9taient pr\u00eates \u00e0 se tourner vers la prochaine \u00e9tape : choisir celles et ceux qui formeront la direction de l\u2019UEDN pour les trois prochaines ann\u00e9es.<\/p>\n\n\n\n<p class=\"wp-block-paragraph\"><strong>\u00c9lections \u00e0 l\u2019Ex\u00e9cutif national<\/strong><\/p>\n\n\n\n<p class=\"wp-block-paragraph\">La journ\u00e9e a d\u00e9but\u00e9 avec l\u2019\u00e9lection \u00e0 la pr\u00e9sidence nationale de l\u2019UEDN. June Winger, qui n\u2019avait pas d\u2019adversaire, a \u00e9t\u00e9 r\u00e9\u00e9lue \u00e0 son poste.<\/p>\n\n\n\n<p class=\"wp-block-paragraph\">James Potts a \u00e9t\u00e9 \u00e9lu vice-pr\u00e9sident ex\u00e9cutif et Mona Simcoe a \u00e9t\u00e9 \u00e9lue suppl\u00e9ante. Joel Hildabrand a \u00e9t\u00e9 \u00e9lu au poste de conseiller en droits de la personne.<\/p>\n\n\n\n<p class=\"wp-block-paragraph\"><strong>\u00c9lections r\u00e9gionales<\/strong><\/p>\n\n\n\n<p class=\"wp-block-paragraph\">Les personnes d\u00e9l\u00e9gu\u00e9es se sont ensuite r\u00e9unies au sein de leurs caucus r\u00e9gionaux respectifs afin d\u2019\u00e9lire leurs repr\u00e9sentantes et repr\u00e9sentants r\u00e9gionaux.<\/p>\n\n\n\n<p class=\"wp-block-paragraph\">Les vice-pr\u00e9sidentes et vice-pr\u00e9sidents r\u00e9gionaux ainsi que les vice-pr\u00e9sidentes et vice-pr\u00e9sidents r\u00e9gionaux adjoints qui entreront en fonction cet automne sont :<\/p>\n\n\n\n<ul class=\"wp-block-list\">\n<li><strong>Colombie-Britannique :<\/strong> Josh Peterson, VPR; Shawn Creamer, VPRA<\/li>\n\n\n\n<li><strong>Alberta et Nord :<\/strong> St\u00e9phane D\u00e9p\u00f4t, VPR; Danielle Poissant, VPRA<\/li>\n\n\n\n<li><strong>Manitoba et Saskatchewan :<\/strong> Mona Simcoe, VPR; Michale Weisgerber, VPRA<\/li>\n\n\n\n<li><strong>Ontario :<\/strong> Chris Snooks, VPR; Mandy Forget, VPRA<\/li>\n\n\n\n<li><strong>R\u00e9gion de la capitale nationale :<\/strong> Shawn King, VPR; Abby Porter, VPRA<\/li>\n\n\n\n<li><strong>CST :<\/strong> Tin Tang, VPR; Tonya Collins, VPRA<\/li>\n\n\n\n<li><strong>Terre-Neuve-et-Labrador et Nouveau-Brunswick :<\/strong> Steve Warren, VPR; Dan Frost, VPRA<\/li>\n\n\n\n<li><strong>Nouvelle-\u00c9cosse :<\/strong> Bill Kroeger, VPR; Scott Harrigan, VPRA<\/li>\n\n\n\n<li><strong>Qu\u00e9bec :<\/strong> Johanne Rouillard, VPR; Kevin Piton, VPRA<\/li>\n\n\n\n<li><strong>FNP :<\/strong> Cathy O\u2019Kane, VPR; Julie Thellen, VPRA<\/li>\n<\/ul>\n\n\n\n<p class=\"wp-block-paragraph\">Les membres nouvellement \u00e9lus de l\u2019Ex\u00e9cutif national se r\u00e9uniront \u00e0 Ottawa en septembre afin de discuter et d\u2019\u00e9laborer une strat\u00e9gie pour le prochain mandat.<\/p>\n\n\n\n<p class=\"wp-block-paragraph\"><strong>\u00ab Quittez Banff en pensant \u00e0 la suite \u00bb<\/strong><\/p>\n\n\n\n<p class=\"wp-block-paragraph\">Une fois les repr\u00e9sentantes et repr\u00e9sentants r\u00e9gionaux choisis, les personnes nouvellement \u00e9lues ont pr\u00eat\u00e9 serment, puis l\u2019ensemble des personnes d\u00e9l\u00e9gu\u00e9es a particip\u00e9 \u00e0 une reconnaissance du territoire autochtone.<\/p>\n\n\n\n<p class=\"wp-block-paragraph\">Dans son discours de cl\u00f4ture, June Winger a lanc\u00e9 un d\u00e9fi aux personnes d\u00e9l\u00e9gu\u00e9es : o\u00f9 l\u2019UEDN devrait-elle tenir son prochain Congr\u00e8s, en 2029?<\/p>\n\n\n\n<p class=\"wp-block-paragraph\">\u00ab Pr\u00e8s de la moiti\u00e9 des personnes d\u00e9l\u00e9gu\u00e9es qui sont arriv\u00e9es ici participaient \u00e0 leur tout premier Congr\u00e8s national de l\u2019UEDN. Cela signifie de nouveaux militants et militantes, une nouvelle \u00e9nergie \u00bb, a d\u00e9clar\u00e9 Winger dans son discours de cl\u00f4ture.<\/p>\n\n\n\n<p class=\"wp-block-paragraph\">\u00ab Alors, ne quittez pas Banff en pensant que le Congr\u00e8s est termin\u00e9. Quittez Banff en pensant \u00e0 la suite. \u00bb<\/p>\n\n\n\n<section class=\"unde-photo-gallery wp-block-unde-photo-gallery\">\n\t<div class=\"unde-photo-gallery__container\">\n\t\t\n\t\t\n\t\t\t\t\t<div class=\"unde-photo-gallery__grid\" style=\"--gallery-columns: 3\">\n\t\t\t\t\t\t\t\t\t<figure class=\"unde-photo-gallery__item\">\n\t\t\t\t\t\t<a href=\"https:\/\/unde-uedn.com\/wp-content\/uploads\/2026\/09\/DSC_5837-scaled.jpg\" target=\"_blank\" rel=\"noopener noreferrer\">\n\t\t\t\t\t\t\t<img\n\t\t\t\t\t\t\t\tsrc=\"https:\/\/unde-uedn.com\/wp-content\/uploads\/2026\/09\/DSC_5837-scaled.jpg\"\n\t\t\t\t\t\t\t\talt=\"View full-size photo\"\n\t\t\t\t\t\t\t\tloading=\"lazy\" \/>\n\t\t\t\t\t\t<\/a>\n\t\t\t\t\t\t\t\t\t\t\t<\/figure>\n\t\t\t\t\t\t\t\t\t<figure class=\"unde-photo-gallery__item\">\n\t\t\t\t\t\t<a href=\"https:\/\/unde-uedn.com\/wp-content\/uploads\/2026\/09\/DSC_5829-scaled.jpg\" target=\"_blank\" rel=\"noopener noreferrer\">\n\t\t\t\t\t\t\t<img\n\t\t\t\t\t\t\t\tsrc=\"https:\/\/unde-uedn.com\/wp-content\/uploads\/2026\/09\/DSC_5829-scaled.jpg\"\n\t\t\t\t\t\t\t\talt=\"View full-size photo\"\n\t\t\t\t\t\t\t\tloading=\"lazy\" \/>\n\t\t\t\t\t\t<\/a>\n\t\t\t\t\t\t\t\t\t\t\t<\/figure>\n\t\t\t\t\t\t\t\t\t<figure class=\"unde-photo-gallery__item\">\n\t\t\t\t\t\t<a href=\"https:\/\/unde-uedn.com\/wp-content\/uploads\/2026\/09\/DSC_5827-scaled.jpg\" target=\"_blank\" rel=\"noopener noreferrer\">\n\t\t\t\t\t\t\t<img\n\t\t\t\t\t\t\t\tsrc=\"https:\/\/unde-uedn.com\/wp-content\/uploads\/2026\/09\/DSC_5827-scaled.jpg\"\n\t\t\t\t\t\t\t\talt=\"View full-size photo\"\n\t\t\t\t\t\t\t\tloading=\"lazy\" \/>\n\t\t\t\t\t\t<\/a>\n\t\t\t\t\t\t\t\t\t\t\t<\/figure>\n\t\t\t\t\t\t\t\t\t<figure class=\"unde-photo-gallery__item\">\n\t\t\t\t\t\t<a href=\"https:\/\/unde-uedn.com\/wp-content\/uploads\/2026\/09\/DSC_5822-scaled.jpg\" target=\"_blank\" rel=\"noopener noreferrer\">\n\t\t\t\t\t\t\t<img\n\t\t\t\t\t\t\t\tsrc=\"https:\/\/unde-uedn.com\/wp-content\/uploads\/2026\/09\/DSC_5822-scaled.jpg\"\n\t\t\t\t\t\t\t\talt=\"View full-size photo\"\n\t\t\t\t\t\t\t\tloading=\"lazy\" \/>\n\t\t\t\t\t\t<\/a>\n\t\t\t\t\t\t\t\t\t\t\t<\/figure>\n\t\t\t\t\t\t\t<\/div>\n\t\t\t<\/div>\n<\/section>\n","protected":false},"excerpt":{"rendered":"<p>La fum\u00e9e des feux de for\u00eat qui s\u00e9vissent dans les environs a commenc\u00e9 \u00e0 gagner Banff t\u00f4t au cours de la cinqui\u00e8me journ\u00e9e, marquant la fin du 20e Congr\u00e8s triennal de l\u2019UEDN et le d\u00e9but d\u2019un nouveau mandat. Apr\u00e8s une semaine consacr\u00e9e \u00e0 l\u2019\u00e9tude de r\u00e9solutions, les personnes d\u00e9l\u00e9gu\u00e9es \u00e9taient pr\u00eates \u00e0 se tourner vers [&hellip;]<\/p>\n","protected":false},"author":2,"featured_media":4210,"comment_status":"open","ping_status":"open","sticky":false,"template":"","format":"standard","meta":{"unde_external_url":"","footnotes":""},"categories":[35],"tags":[],"class_list":["post-4224","post","type-post","status-publish","format-standard","has-post-thumbnail","hentry","category-national-news"],"yoast_head":"<!-- This site is optimized with the Yoast SEO plugin v28.3 - https:\/\/yoast.com\/product\/yoast-seo-wordpress\/ -->\n<title>5e jour du Congr\u00e8s triennal de l\u2019UEDN : \u00ab Quittez Banff en pensant \u00e0 la suite \u00bb - Union des employ\u00e9s de la D\u00e9fense nationale<\/title>\n<meta name=\"robots\" content=\"index, follow, max-snippet:-1, max-image-preview:large, max-video-preview:-1\" \/>\n<link rel=\"canonical\" href=\"https:\/\/unde-uedn.com\/fr\/5e-jour-du-congres-triennal-de-luedn-quittez-banff-en-pensant-a-la-suite\/\" \/>\n<meta property=\"og:locale\" content=\"fr_FR\" \/>\n<meta property=\"og:type\" content=\"article\" \/>\n<meta property=\"og:title\" content=\"5e jour du Congr\u00e8s triennal de l\u2019UEDN : \u00ab Quittez Banff en pensant \u00e0 la suite \u00bb - Union des employ\u00e9s de la D\u00e9fense nationale\" \/>\n<meta property=\"og:description\" content=\"La fum\u00e9e des feux de for\u00eat qui s\u00e9vissent dans les environs a commenc\u00e9 \u00e0 gagner Banff t\u00f4t au cours de la cinqui\u00e8me journ\u00e9e, marquant la fin du 20e Congr\u00e8s triennal de l\u2019UEDN et le d\u00e9but d\u2019un nouveau mandat. Apr\u00e8s une semaine consacr\u00e9e \u00e0 l\u2019\u00e9tude de r\u00e9solutions, les personnes d\u00e9l\u00e9gu\u00e9es \u00e9taient pr\u00eates \u00e0 se tourner vers [&hellip;]\" \/>\n<meta property=\"og:url\" content=\"https:\/\/unde-uedn.com\/fr\/5e-jour-du-congres-triennal-de-luedn-quittez-banff-en-pensant-a-la-suite\/\" \/>\n<meta property=\"og:site_name\" content=\"Union des employ\u00e9s de la D\u00e9fense nationale\" \/>\n<meta property=\"article:published_time\" content=\"2026-09-01T19:21:08+00:00\" \/>\n<meta property=\"article:modified_time\" content=\"2026-09-01T19:22:06+00:00\" \/>\n<meta property=\"og:image\" content=\"https:\/\/unde-uedn.com\/wp-content\/uploads\/2026\/09\/DSC_5837-scaled.jpg\" \/>\n\t<meta property=\"og:image:width\" content=\"2560\" \/>\n\t<meta property=\"og:image:height\" content=\"1709\" \/>\n\t<meta property=\"og:image:type\" content=\"image\/jpeg\" \/>\n<meta name=\"author\" content=\"jessica vaid\" \/>\n<meta name=\"twitter:card\" content=\"summary_large_image\" \/>\n<meta name=\"twitter:label1\" content=\"\u00c9crit par\" \/>\n\t<meta name=\"twitter:data1\" content=\"jessica vaid\" \/>\n\t<meta name=\"twitter:label2\" content=\"Dur\u00e9e de lecture estim\u00e9e\" \/>\n\t<meta name=\"twitter:data2\" content=\"2 minutes\" \/>\n<script type=\"application\/ld+json\" class=\"yoast-schema-graph\">{\"@context\":\"https:\\\/\\\/schema.org\",\"@graph\":[{\"@type\":\"Article\",\"@id\":\"https:\\\/\\\/unde-uedn.com\\\/fr\\\/5e-jour-du-congres-triennal-de-luedn-quittez-banff-en-pensant-a-la-suite\\\/#article\",\"isPartOf\":{\"@id\":\"https:\\\/\\\/unde-uedn.com\\\/fr\\\/5e-jour-du-congres-triennal-de-luedn-quittez-banff-en-pensant-a-la-suite\\\/\"},\"author\":{\"name\":\"jessica vaid\",\"@id\":\"https:\\\/\\\/unde-uedn.com\\\/fr\\\/#\\\/schema\\\/person\\\/4688981e849c9166d1ff5a20649e1ec9\"},\"headline\":\"5e jour du Congr\u00e8s triennal de l\u2019UEDN : \u00ab Quittez Banff en pensant \u00e0 la suite \u00bb\",\"datePublished\":\"2026-09-01T19:21:08+00:00\",\"dateModified\":\"2026-09-01T19:22:06+00:00\",\"mainEntityOfPage\":{\"@id\":\"https:\\\/\\\/unde-uedn.com\\\/fr\\\/5e-jour-du-congres-triennal-de-luedn-quittez-banff-en-pensant-a-la-suite\\\/\"},\"wordCount\":480,\"commentCount\":0,\"image\":{\"@id\":\"https:\\\/\\\/unde-uedn.com\\\/fr\\\/5e-jour-du-congres-triennal-de-luedn-quittez-banff-en-pensant-a-la-suite\\\/#primaryimage\"},\"thumbnailUrl\":\"https:\\\/\\\/unde-uedn.com\\\/wp-content\\\/uploads\\\/2026\\\/09\\\/DSC_5837-scaled.jpg\",\"articleSection\":[\"Actualit\u00e9s nationales\"],\"inLanguage\":\"fr-FR\",\"potentialAction\":[{\"@type\":\"CommentAction\",\"name\":\"Comment\",\"target\":[\"https:\\\/\\\/unde-uedn.com\\\/fr\\\/5e-jour-du-congres-triennal-de-luedn-quittez-banff-en-pensant-a-la-suite\\\/#respond\"]}]},{\"@type\":\"WebPage\",\"@id\":\"https:\\\/\\\/unde-uedn.com\\\/fr\\\/5e-jour-du-congres-triennal-de-luedn-quittez-banff-en-pensant-a-la-suite\\\/\",\"url\":\"https:\\\/\\\/unde-uedn.com\\\/fr\\\/5e-jour-du-congres-triennal-de-luedn-quittez-banff-en-pensant-a-la-suite\\\/\",\"name\":\"5e jour du Congr\u00e8s triennal de l\u2019UEDN : \u00ab Quittez Banff en pensant \u00e0 la suite \u00bb - Union des employ\u00e9s de la D\u00e9fense nationale\",\"isPartOf\":{\"@id\":\"https:\\\/\\\/unde-uedn.com\\\/fr\\\/#website\"},\"primaryImageOfPage\":{\"@id\":\"https:\\\/\\\/unde-uedn.com\\\/fr\\\/5e-jour-du-congres-triennal-de-luedn-quittez-banff-en-pensant-a-la-suite\\\/#primaryimage\"},\"image\":{\"@id\":\"https:\\\/\\\/unde-uedn.com\\\/fr\\\/5e-jour-du-congres-triennal-de-luedn-quittez-banff-en-pensant-a-la-suite\\\/#primaryimage\"},\"thumbnailUrl\":\"https:\\\/\\\/unde-uedn.com\\\/wp-content\\\/uploads\\\/2026\\\/09\\\/DSC_5837-scaled.jpg\",\"datePublished\":\"2026-09-01T19:21:08+00:00\",\"dateModified\":\"2026-09-01T19:22:06+00:00\",\"author\":{\"@id\":\"https:\\\/\\\/unde-uedn.com\\\/fr\\\/#\\\/schema\\\/person\\\/4688981e849c9166d1ff5a20649e1ec9\"},\"breadcrumb\":{\"@id\":\"https:\\\/\\\/unde-uedn.com\\\/fr\\\/5e-jour-du-congres-triennal-de-luedn-quittez-banff-en-pensant-a-la-suite\\\/#breadcrumb\"},\"inLanguage\":\"fr-FR\",\"potentialAction\":[{\"@type\":\"ReadAction\",\"target\":[\"https:\\\/\\\/unde-uedn.com\\\/fr\\\/5e-jour-du-congres-triennal-de-luedn-quittez-banff-en-pensant-a-la-suite\\\/\"]}]},{\"@type\":\"ImageObject\",\"inLanguage\":\"fr-FR\",\"@id\":\"https:\\\/\\\/unde-uedn.com\\\/fr\\\/5e-jour-du-congres-triennal-de-luedn-quittez-banff-en-pensant-a-la-suite\\\/#primaryimage\",\"url\":\"https:\\\/\\\/unde-uedn.com\\\/wp-content\\\/uploads\\\/2026\\\/09\\\/DSC_5837-scaled.jpg\",\"contentUrl\":\"https:\\\/\\\/unde-uedn.com\\\/wp-content\\\/uploads\\\/2026\\\/09\\\/DSC_5837-scaled.jpg\",\"width\":2560,\"height\":1709},{\"@type\":\"BreadcrumbList\",\"@id\":\"https:\\\/\\\/unde-uedn.com\\\/fr\\\/5e-jour-du-congres-triennal-de-luedn-quittez-banff-en-pensant-a-la-suite\\\/#breadcrumb\",\"itemListElement\":[{\"@type\":\"ListItem\",\"position\":1,\"name\":\"Home\",\"item\":\"https:\\\/\\\/unde-uedn.com\\\/fr\\\/\"},{\"@type\":\"ListItem\",\"position\":2,\"name\":\"5e jour du Congr\u00e8s triennal de l\u2019UEDN : \u00ab Quittez Banff en pensant \u00e0 la suite \u00bb\"}]},{\"@type\":\"WebSite\",\"@id\":\"https:\\\/\\\/unde-uedn.com\\\/fr\\\/#website\",\"url\":\"https:\\\/\\\/unde-uedn.com\\\/fr\\\/\",\"name\":\"Union des employ\u00e9s de la D\u00e9fense nationale\",\"description\":\"Representing Department of National Defence employees across Canada\",\"potentialAction\":[{\"@type\":\"SearchAction\",\"target\":{\"@type\":\"EntryPoint\",\"urlTemplate\":\"https:\\\/\\\/unde-uedn.com\\\/fr\\\/?s={search_term_string}\"},\"query-input\":{\"@type\":\"PropertyValueSpecification\",\"valueRequired\":true,\"valueName\":\"search_term_string\"}}],\"inLanguage\":\"fr-FR\"},{\"@type\":\"Person\",\"@id\":\"https:\\\/\\\/unde-uedn.com\\\/fr\\\/#\\\/schema\\\/person\\\/4688981e849c9166d1ff5a20649e1ec9\",\"name\":\"jessica vaid\",\"image\":{\"@type\":\"ImageObject\",\"inLanguage\":\"fr-FR\",\"@id\":\"https:\\\/\\\/secure.gravatar.com\\\/avatar\\\/c5f74017cf706a5759840ed80049313e9a3ac79eaa9a3241603483c0b3cba8ff?s=96&d=mm&r=g\",\"url\":\"https:\\\/\\\/secure.gravatar.com\\\/avatar\\\/c5f74017cf706a5759840ed80049313e9a3ac79eaa9a3241603483c0b3cba8ff?s=96&d=mm&r=g\",\"contentUrl\":\"https:\\\/\\\/secure.gravatar.com\\\/avatar\\\/c5f74017cf706a5759840ed80049313e9a3ac79eaa9a3241603483c0b3cba8ff?s=96&d=mm&r=g\",\"caption\":\"jessica vaid\"},\"url\":\"https:\\\/\\\/unde-uedn.com\\\/fr\\\/author\\\/jessicav\\\/\"}]}<\/script>\n<!-- \/ Yoast SEO plugin. -->","yoast_head_json":{"title":"5e jour du Congr\u00e8s triennal de l\u2019UEDN : \u00ab Quittez Banff en pensant \u00e0 la suite \u00bb - Union des employ\u00e9s de la D\u00e9fense nationale","robots":{"index":"index","follow":"follow","max-snippet":"max-snippet:-1","max-image-preview":"max-image-preview:large","max-video-preview":"max-video-preview:-1"},"canonical":"https:\/\/unde-uedn.com\/fr\/5e-jour-du-congres-triennal-de-luedn-quittez-banff-en-pensant-a-la-suite\/","og_locale":"fr_FR","og_type":"article","og_title":"5e jour du Congr\u00e8s triennal de l\u2019UEDN : \u00ab Quittez Banff en pensant \u00e0 la suite \u00bb - Union des employ\u00e9s de la D\u00e9fense nationale","og_description":"La fum\u00e9e des feux de for\u00eat qui s\u00e9vissent dans les environs a commenc\u00e9 \u00e0 gagner Banff t\u00f4t au cours de la cinqui\u00e8me journ\u00e9e, marquant la fin du 20e Congr\u00e8s triennal de l\u2019UEDN et le d\u00e9but d\u2019un nouveau mandat. Apr\u00e8s une semaine consacr\u00e9e \u00e0 l\u2019\u00e9tude de r\u00e9solutions, les personnes d\u00e9l\u00e9gu\u00e9es \u00e9taient pr\u00eates \u00e0 se tourner vers [&hellip;]","og_url":"https:\/\/unde-uedn.com\/fr\/5e-jour-du-congres-triennal-de-luedn-quittez-banff-en-pensant-a-la-suite\/","og_site_name":"Union des employ\u00e9s de la D\u00e9fense nationale","article_published_time":"2026-09-01T19:21:08+00:00","article_modified_time":"2026-09-01T19:22:06+00:00","og_image":[{"width":2560,"height":1709,"url":"https:\/\/unde-uedn.com\/wp-content\/uploads\/2026\/09\/DSC_5837-scaled.jpg","type":"image\/jpeg"}],"author":"jessica vaid","twitter_card":"summary_large_image","twitter_misc":{"\u00c9crit par":"jessica vaid","Dur\u00e9e de lecture estim\u00e9e":"2 minutes"},"schema":{"@context":"https:\/\/schema.org","@graph":[{"@type":"Article","@id":"https:\/\/unde-uedn.com\/fr\/5e-jour-du-congres-triennal-de-luedn-quittez-banff-en-pensant-a-la-suite\/#article","isPartOf":{"@id":"https:\/\/unde-uedn.com\/fr\/5e-jour-du-congres-triennal-de-luedn-quittez-banff-en-pensant-a-la-suite\/"},"author":{"name":"jessica vaid","@id":"https:\/\/unde-uedn.com\/fr\/#\/schema\/person\/4688981e849c9166d1ff5a20649e1ec9"},"headline":"5e jour du Congr\u00e8s triennal de l\u2019UEDN : \u00ab Quittez Banff en pensant \u00e0 la suite \u00bb","datePublished":"2026-09-01T19:21:08+00:00","dateModified":"2026-09-01T19:22:06+00:00","mainEntityOfPage":{"@id":"https:\/\/unde-uedn.com\/fr\/5e-jour-du-congres-triennal-de-luedn-quittez-banff-en-pensant-a-la-suite\/"},"wordCount":480,"commentCount":0,"image":{"@id":"https:\/\/unde-uedn.com\/fr\/5e-jour-du-congres-triennal-de-luedn-quittez-banff-en-pensant-a-la-suite\/#primaryimage"},"thumbnailUrl":"https:\/\/unde-uedn.com\/wp-content\/uploads\/2026\/09\/DSC_5837-scaled.jpg","articleSection":["Actualit\u00e9s nationales"],"inLanguage":"fr-FR","potentialAction":[{"@type":"CommentAction","name":"Comment","target":["https:\/\/unde-uedn.com\/fr\/5e-jour-du-congres-triennal-de-luedn-quittez-banff-en-pensant-a-la-suite\/#respond"]}]},{"@type":"WebPage","@id":"https:\/\/unde-uedn.com\/fr\/5e-jour-du-congres-triennal-de-luedn-quittez-banff-en-pensant-a-la-suite\/","url":"https:\/\/unde-uedn.com\/fr\/5e-jour-du-congres-triennal-de-luedn-quittez-banff-en-pensant-a-la-suite\/","name":"5e jour du Congr\u00e8s triennal de l\u2019UEDN : \u00ab Quittez Banff en pensant \u00e0 la suite \u00bb - Union des employ\u00e9s de la D\u00e9fense nationale","isPartOf":{"@id":"https:\/\/unde-uedn.com\/fr\/#website"},"primaryImageOfPage":{"@id":"https:\/\/unde-uedn.com\/fr\/5e-jour-du-congres-triennal-de-luedn-quittez-banff-en-pensant-a-la-suite\/#primaryimage"},"image":{"@id":"https:\/\/unde-uedn.com\/fr\/5e-jour-du-congres-triennal-de-luedn-quittez-banff-en-pensant-a-la-suite\/#primaryimage"},"thumbnailUrl":"https:\/\/unde-uedn.com\/wp-content\/uploads\/2026\/09\/DSC_5837-scaled.jpg","datePublished":"2026-09-01T19:21:08+00:00","dateModified":"2026-09-01T19:22:06+00:00","author":{"@id":"https:\/\/unde-uedn.com\/fr\/#\/schema\/person\/4688981e849c9166d1ff5a20649e1ec9"},"breadcrumb":{"@id":"https:\/\/unde-uedn.com\/fr\/5e-jour-du-congres-triennal-de-luedn-quittez-banff-en-pensant-a-la-suite\/#breadcrumb"},"inLanguage":"fr-FR","potentialAction":[{"@type":"ReadAction","target":["https:\/\/unde-uedn.com\/fr\/5e-jour-du-congres-triennal-de-luedn-quittez-banff-en-pensant-a-la-suite\/"]}]},{"@type":"ImageObject","inLanguage":"fr-FR","@id":"https:\/\/unde-uedn.com\/fr\/5e-jour-du-congres-triennal-de-luedn-quittez-banff-en-pensant-a-la-suite\/#primaryimage","url":"https:\/\/unde-uedn.com\/wp-content\/uploads\/2026\/09\/DSC_5837-scaled.jpg","contentUrl":"https:\/\/unde-uedn.com\/wp-content\/uploads\/2026\/09\/DSC_5837-scaled.jpg","width":2560,"height":1709},{"@type":"BreadcrumbList","@id":"https:\/\/unde-uedn.com\/fr\/5e-jour-du-congres-triennal-de-luedn-quittez-banff-en-pensant-a-la-suite\/#breadcrumb","itemListElement":[{"@type":"ListItem","position":1,"name":"Home","item":"https:\/\/unde-uedn.com\/fr\/"},{"@type":"ListItem","position":2,"name":"5e jour du Congr\u00e8s triennal de l\u2019UEDN : \u00ab Quittez Banff en pensant \u00e0 la suite \u00bb"}]},{"@type":"WebSite","@id":"https:\/\/unde-uedn.com\/fr\/#website","url":"https:\/\/unde-uedn.com\/fr\/","name":"Union des employ\u00e9s de la D\u00e9fense nationale","description":"Representing Department of National Defence employees across Canada","potentialAction":[{"@type":"SearchAction","target":{"@type":"EntryPoint","urlTemplate":"https:\/\/unde-uedn.com\/fr\/?s={search_term_string}"},"query-input":{"@type":"PropertyValueSpecification","valueRequired":true,"valueName":"search_term_string"}}],"inLanguage":"fr-FR"},{"@type":"Person","@id":"https:\/\/unde-uedn.com\/fr\/#\/schema\/person\/4688981e849c9166d1ff5a20649e1ec9","name":"jessica vaid","image":{"@type":"ImageObject","inLanguage":"fr-FR","@id":"https:\/\/secure.gravatar.com\/avatar\/c5f74017cf706a5759840ed80049313e9a3ac79eaa9a3241603483c0b3cba8ff?s=96&d=mm&r=g","url":"https:\/\/secure.gravatar.com\/avatar\/c5f74017cf706a5759840ed80049313e9a3ac79eaa9a3241603483c0b3cba8ff?s=96&d=mm&r=g","contentUrl":"https:\/\/secure.gravatar.com\/avatar\/c5f74017cf706a5759840ed80049313e9a3ac79eaa9a3241603483c0b3cba8ff?s=96&d=mm&r=g","caption":"jessica vaid"},"url":"https:\/\/unde-uedn.com\/fr\/author\/jessicav\/"}]}},"_links":{"self":[{"href":"https:\/\/unde-uedn.com\/fr\/wp-json\/wp\/v2\/posts\/4224","targetHints":{"allow":["GET"]}}],"collection":[{"href":"https:\/\/unde-uedn.com\/fr\/wp-json\/wp\/v2\/posts"}],"about":[{"href":"https:\/\/unde-uedn.com\/fr\/wp-json\/wp\/v2\/types\/post"}],"author":[{"embeddable":true,"href":"https:\/\/unde-uedn.com\/fr\/wp-json\/wp\/v2\/users\/2"}],"replies":[{"embeddable":true,"href":"https:\/\/unde-uedn.com\/fr\/wp-json\/wp\/v2\/comments?post=4224"}],"version-history":[{"count":1,"href":"https:\/\/unde-uedn.com\/fr\/wp-json\/wp\/v2\/posts\/4224\/revisions"}],"predecessor-version":[{"id":4225,"href":"https:\/\/unde-uedn.com\/fr\/wp-json\/wp\/v2\/posts\/4224\/revisions\/4225"}],"wp:featuredmedia":[{"embeddable":true,"href":"https:\/\/unde-uedn.com\/fr\/wp-json\/wp\/v2\/media\/4210"}],"wp:attachment":[{"href":"https:\/\/unde-uedn.com\/fr\/wp-json\/wp\/v2\/media?parent=4224"}],"wp:term":[{"taxonomy":"category","embeddable":true,"href":"https:\/\/unde-uedn.com\/fr\/wp-json\/wp\/v2\/categories?post=4224"},{"taxonomy":"post_tag","embeddable":true,"href":"https:\/\/unde-uedn.com\/fr\/wp-json\/wp\/v2\/tags?post=4224"}],"curies":[{"name":"wp","href":"https:\/\/api.w.org\/{rel}","templated":true}]}}