{"id":3982,"date":"2026-08-24T23:33:09","date_gmt":"2026-08-24T23:33:09","guid":{"rendered":"https:\/\/unde-uedn.com\/?p=3982"},"modified":"2026-08-25T15:43:28","modified_gmt":"2026-08-25T15:43:28","slug":"le-congres-triennal-de-luedn-debute-a-banff","status":"publish","type":"post","link":"https:\/\/unde-uedn.com\/fr\/le-congres-triennal-de-luedn-debute-a-banff\/","title":{"rendered":"Le Congr\u00e8s triennal de l\u2019UEDN d\u00e9bute \u00e0 Banff"},"content":{"rendered":"\n<p class=\"wp-block-paragraph\">Des personnes d\u00e9l\u00e9gu\u00e9es de partout au Canada se sont r\u00e9unies aujourd\u2019hui \u00e0 Banff, en Alberta, pour l\u2019ouverture officielle du 20e Congr\u00e8s triennal de l\u2019Union des employ\u00e9s de la D\u00e9fense nationale (UEDN).<\/p>\n\n\n\n<p class=\"wp-block-paragraph\">Pour pr\u00e8s de la moiti\u00e9 des personnes d\u00e9l\u00e9gu\u00e9es pr\u00e9sentes, il s\u2019agit de leur tout premier Congr\u00e8s national de l\u2019UEDN \u2014 un fait qu\u2019a soulign\u00e9 la pr\u00e9sidente nationale, June Winger, en souhaitant la bienvenue aux personnes d\u00e9l\u00e9gu\u00e9es et observatrices, aux invit\u00e9s, au personnel et aux alli\u00e9s venus de partout au pays.<\/p>\n\n\n\n<p class=\"wp-block-paragraph\"><strong>Pr\u00e9parer une nouvelle g\u00e9n\u00e9ration de personnes d\u00e9l\u00e9gu\u00e9es<\/strong><\/p>\n\n\n\n<p class=\"wp-block-paragraph\">La journ\u00e9e a commenc\u00e9 par un cours de pr\u00e9paration au Congr\u00e8s et une s\u00e9ance d\u2019orientation pour les nouvelles personnes d\u00e9l\u00e9gu\u00e9es, afin de familiariser celles qui participent au Congr\u00e8s pour la premi\u00e8re fois avec les proc\u00e9dures et de les pr\u00e9parer \u00e0 prendre part aux importantes d\u00e9cisions \u00e0 venir.<\/p>\n\n\n\n<p class=\"wp-block-paragraph\">Les travaux officiels ont ensuite d\u00e9but\u00e9 par une c\u00e9r\u00e9monie d\u2019ouverture autochtone, apr\u00e8s quoi June Winger a officiellement assum\u00e9 son r\u00f4le de pr\u00e9sidente du Congr\u00e8s.<\/p>\n\n\n\n<p class=\"wp-block-paragraph\">Les personnes d\u00e9l\u00e9gu\u00e9es ont \u00e9galement re\u00e7u un accueil chaleureux de la part de la mairesse de Banff, Corrie DiManno, qui a prononc\u00e9 le discours d\u2019ouverture de la journ\u00e9e.<\/p>\n\n\n\n<p class=\"wp-block-paragraph\">Charley Paul, pr\u00e9sidente du Comit\u00e9 d\u2019accueil, a pr\u00e9sent\u00e9 les membres du Comit\u00e9 d\u2019accueil et souhait\u00e9 la bienvenue aux personnes d\u00e9l\u00e9gu\u00e9es pour ce qui s\u2019annonce comme plusieurs journ\u00e9es bien remplies de d\u00e9bats, de discussions et de solidarit\u00e9 \u00e0 Banff.<\/p>\n\n\n\n<p class=\"wp-block-paragraph\">Les personnes d\u00e9l\u00e9gu\u00e9es se sont ensuite r\u00e9unies au son de <em>Solidarit\u00e9 mes fr\u00e8res et mes s\u0153urs<\/em> pour le Tableau d\u2019honneur, prenant un moment pour rendre hommage aux membres de la famille de l\u2019UEDN qui nous ont quitt\u00e9s.<\/p>\n\n\n\n<p class=\"wp-block-paragraph\"><strong>Notre syndicat est fort<\/strong><\/p>\n\n\n\n<p class=\"wp-block-paragraph\">L\u2019un des moments marquants de cette premi\u00e8re journ\u00e9e a \u00e9t\u00e9 l\u2019allocution sur l\u2019\u00e9tat de notre syndicat prononc\u00e9e par June Winger. Elle est revenue sur les r\u00e9alisations des membres de l\u2019UEDN au cours des trois derni\u00e8res ann\u00e9es, tout en se tournant vers les d\u00e9fis auxquels le syndicat devra faire face.<\/p>\n\n\n\n<p class=\"wp-block-paragraph\">Son message aux personnes d\u00e9l\u00e9gu\u00e9es \u00e9tait clair : l\u2019UEDN s\u2019est renforc\u00e9e gr\u00e2ce aux membres, aux sections locales et aux militants et militantes qui ont choisi de s\u2019engager.<\/p>\n\n\n\n<p class=\"wp-block-paragraph\">La sous-traitance a occup\u00e9 une place importante dans son allocution et demeurera une priorit\u00e9 majeure pour l\u2019UEDN au cours des prochaines ann\u00e9es.<\/p>\n\n\n\n<p class=\"wp-block-paragraph\">June Winger a soulign\u00e9 l\u2019ampleur croissante de la campagne nationale de l\u2019UEDN contre la sous-traitance, notamment le travail du syndicat pour documenter le gaspillage, exposer les \u00e9checs et attirer l\u2019attention sur les cons\u00e9quences de la sous-traitance dans des collectivit\u00e9s comme Petawawa, Wainwright, Comox et Valcartier.<\/p>\n\n\n\n<p class=\"wp-block-paragraph\"><strong>D\u00e9couvrir le territoire<\/strong><\/p>\n\n\n\n<p class=\"wp-block-paragraph\">Les personnes d\u00e9l\u00e9gu\u00e9es ont \u00e9galement assist\u00e9 \u00e0 une pr\u00e9sentation de Lynda Holleman, de Parcs Canada, sur le parc national de Banff et sur les fa\u00e7ons de cohabiter en toute s\u00e9curit\u00e9 avec les diff\u00e9rentes esp\u00e8ces sauvages qui y vivent.<\/p>\n\n\n\n<p class=\"wp-block-paragraph\"><strong>Les travaux du Congr\u00e8s commencent<\/strong><\/p>\n\n\n\n<p class=\"wp-block-paragraph\">Les personnes d\u00e9l\u00e9gu\u00e9es sont ensuite pass\u00e9es aux travaux officiels du Congr\u00e8s.<\/p>\n\n\n\n<p class=\"wp-block-paragraph\">Elles ont re\u00e7u les rapports du Comit\u00e9 des lettres de cr\u00e9ance, adopt\u00e9 le programme du Congr\u00e8s et les r\u00e8gles de proc\u00e9dure, puis examin\u00e9 xx r\u00e9solutions g\u00e9n\u00e9rales ainsi que les rapports des comit\u00e9s.<\/p>\n\n\n\n<p class=\"wp-block-paragraph\">Au cours des prochains jours, les personnes d\u00e9l\u00e9gu\u00e9es d\u00e9battront des r\u00e9solutions, \u00e9tabliront les priorit\u00e9s de l\u2019UEDN et \u00e9liront les dirigeants et dirigeantes qui contribueront \u00e0 faire avancer ce travail.<\/p>\n\n\n\n<section class=\"unde-photo-gallery wp-block-unde-photo-gallery\">\n\t<div class=\"unde-photo-gallery__container\">\n\t\t\n\t\t\n\t\t\t\t\t<div class=\"unde-photo-gallery__grid\" style=\"--gallery-columns: 3\">\n\t\t\t\t\t\t\t\t\t<figure class=\"unde-photo-gallery__item\">\n\t\t\t\t\t\t<a href=\"https:\/\/unde-uedn.com\/wp-content\/uploads\/2026\/08\/DSC_5368-scaled.jpg\" target=\"_blank\" rel=\"noopener noreferrer\">\n\t\t\t\t\t\t\t<img\n\t\t\t\t\t\t\t\tsrc=\"https:\/\/unde-uedn.com\/wp-content\/uploads\/2026\/08\/DSC_5368-scaled.jpg\"\n\t\t\t\t\t\t\t\talt=\"View full-size photo\"\n\t\t\t\t\t\t\t\tloading=\"lazy\" \/>\n\t\t\t\t\t\t<\/a>\n\t\t\t\t\t\t\t\t\t\t\t<\/figure>\n\t\t\t\t\t\t\t\t\t<figure class=\"unde-photo-gallery__item\">\n\t\t\t\t\t\t<a href=\"https:\/\/unde-uedn.com\/wp-content\/uploads\/2026\/08\/DSC_5552-scaled.jpg\" target=\"_blank\" rel=\"noopener noreferrer\">\n\t\t\t\t\t\t\t<img\n\t\t\t\t\t\t\t\tsrc=\"https:\/\/unde-uedn.com\/wp-content\/uploads\/2026\/08\/DSC_5552-scaled.jpg\"\n\t\t\t\t\t\t\t\talt=\"View full-size photo\"\n\t\t\t\t\t\t\t\tloading=\"lazy\" \/>\n\t\t\t\t\t\t<\/a>\n\t\t\t\t\t\t\t\t\t\t\t<\/figure>\n\t\t\t\t\t\t\t\t\t<figure class=\"unde-photo-gallery__item\">\n\t\t\t\t\t\t<a href=\"https:\/\/unde-uedn.com\/wp-content\/uploads\/2026\/08\/DSC_5524-scaled.jpg\" target=\"_blank\" rel=\"noopener noreferrer\">\n\t\t\t\t\t\t\t<img\n\t\t\t\t\t\t\t\tsrc=\"https:\/\/unde-uedn.com\/wp-content\/uploads\/2026\/08\/DSC_5524-scaled.jpg\"\n\t\t\t\t\t\t\t\talt=\"View full-size photo\"\n\t\t\t\t\t\t\t\tloading=\"lazy\" \/>\n\t\t\t\t\t\t<\/a>\n\t\t\t\t\t\t\t\t\t\t\t<\/figure>\n\t\t\t\t\t\t\t\t\t<figure class=\"unde-photo-gallery__item\">\n\t\t\t\t\t\t<a href=\"https:\/\/unde-uedn.com\/wp-content\/uploads\/2026\/08\/DSC_5517-scaled.jpg\" target=\"_blank\" rel=\"noopener noreferrer\">\n\t\t\t\t\t\t\t<img\n\t\t\t\t\t\t\t\tsrc=\"https:\/\/unde-uedn.com\/wp-content\/uploads\/2026\/08\/DSC_5517-scaled.jpg\"\n\t\t\t\t\t\t\t\talt=\"View full-size photo\"\n\t\t\t\t\t\t\t\tloading=\"lazy\" \/>\n\t\t\t\t\t\t<\/a>\n\t\t\t\t\t\t\t\t\t\t\t<\/figure>\n\t\t\t\t\t\t\t\t\t<figure class=\"unde-photo-gallery__item\">\n\t\t\t\t\t\t<a href=\"https:\/\/unde-uedn.com\/wp-content\/uploads\/2026\/08\/DSC_5490-scaled.jpg\" target=\"_blank\" rel=\"noopener noreferrer\">\n\t\t\t\t\t\t\t<img\n\t\t\t\t\t\t\t\tsrc=\"https:\/\/unde-uedn.com\/wp-content\/uploads\/2026\/08\/DSC_5490-scaled.jpg\"\n\t\t\t\t\t\t\t\talt=\"View full-size photo\"\n\t\t\t\t\t\t\t\tloading=\"lazy\" \/>\n\t\t\t\t\t\t<\/a>\n\t\t\t\t\t\t\t\t\t\t\t<\/figure>\n\t\t\t\t\t\t\t\t\t<figure class=\"unde-photo-gallery__item\">\n\t\t\t\t\t\t<a href=\"https:\/\/unde-uedn.com\/wp-content\/uploads\/2026\/08\/DSC_5431-scaled.jpg\" target=\"_blank\" rel=\"noopener noreferrer\">\n\t\t\t\t\t\t\t<img\n\t\t\t\t\t\t\t\tsrc=\"https:\/\/unde-uedn.com\/wp-content\/uploads\/2026\/08\/DSC_5431-scaled.jpg\"\n\t\t\t\t\t\t\t\talt=\"View full-size photo\"\n\t\t\t\t\t\t\t\tloading=\"lazy\" \/>\n\t\t\t\t\t\t<\/a>\n\t\t\t\t\t\t\t\t\t\t\t<\/figure>\n\t\t\t\t\t\t\t\t\t<figure class=\"unde-photo-gallery__item\">\n\t\t\t\t\t\t<a href=\"https:\/\/unde-uedn.com\/wp-content\/uploads\/2026\/08\/DSC_5430-scaled.jpg\" target=\"_blank\" rel=\"noopener noreferrer\">\n\t\t\t\t\t\t\t<img\n\t\t\t\t\t\t\t\tsrc=\"https:\/\/unde-uedn.com\/wp-content\/uploads\/2026\/08\/DSC_5430-scaled.jpg\"\n\t\t\t\t\t\t\t\talt=\"View full-size photo\"\n\t\t\t\t\t\t\t\tloading=\"lazy\" \/>\n\t\t\t\t\t\t<\/a>\n\t\t\t\t\t\t\t\t\t\t\t<\/figure>\n\t\t\t\t\t\t\t\t\t<figure class=\"unde-photo-gallery__item\">\n\t\t\t\t\t\t<a href=\"https:\/\/unde-uedn.com\/wp-content\/uploads\/2026\/08\/DSC_5419-scaled.jpg\" target=\"_blank\" rel=\"noopener noreferrer\">\n\t\t\t\t\t\t\t<img\n\t\t\t\t\t\t\t\tsrc=\"https:\/\/unde-uedn.com\/wp-content\/uploads\/2026\/08\/DSC_5419-scaled.jpg\"\n\t\t\t\t\t\t\t\talt=\"View full-size photo\"\n\t\t\t\t\t\t\t\tloading=\"lazy\" \/>\n\t\t\t\t\t\t<\/a>\n\t\t\t\t\t\t\t\t\t\t\t<\/figure>\n\t\t\t\t\t\t\t\t\t<figure class=\"unde-photo-gallery__item\">\n\t\t\t\t\t\t<a href=\"https:\/\/unde-uedn.com\/wp-content\/uploads\/2026\/08\/DSC_5409-scaled.jpg\" target=\"_blank\" rel=\"noopener noreferrer\">\n\t\t\t\t\t\t\t<img\n\t\t\t\t\t\t\t\tsrc=\"https:\/\/unde-uedn.com\/wp-content\/uploads\/2026\/08\/DSC_5409-scaled.jpg\"\n\t\t\t\t\t\t\t\talt=\"View full-size photo\"\n\t\t\t\t\t\t\t\tloading=\"lazy\" \/>\n\t\t\t\t\t\t<\/a>\n\t\t\t\t\t\t\t\t\t\t\t<\/figure>\n\t\t\t\t\t\t\t\t\t<figure class=\"unde-photo-gallery__item\">\n\t\t\t\t\t\t<a href=\"https:\/\/unde-uedn.com\/wp-content\/uploads\/2026\/08\/DSC_5397-scaled.jpg\" target=\"_blank\" rel=\"noopener noreferrer\">\n\t\t\t\t\t\t\t<img\n\t\t\t\t\t\t\t\tsrc=\"https:\/\/unde-uedn.com\/wp-content\/uploads\/2026\/08\/DSC_5397-scaled.jpg\"\n\t\t\t\t\t\t\t\talt=\"View full-size photo\"\n\t\t\t\t\t\t\t\tloading=\"lazy\" \/>\n\t\t\t\t\t\t<\/a>\n\t\t\t\t\t\t\t\t\t\t\t<\/figure>\n\t\t\t\t\t\t\t\t\t<figure class=\"unde-photo-gallery__item\">\n\t\t\t\t\t\t<a href=\"https:\/\/unde-uedn.com\/wp-content\/uploads\/2026\/08\/DSC_5390-scaled.jpg\" target=\"_blank\" rel=\"noopener noreferrer\">\n\t\t\t\t\t\t\t<img\n\t\t\t\t\t\t\t\tsrc=\"https:\/\/unde-uedn.com\/wp-content\/uploads\/2026\/08\/DSC_5390-scaled.jpg\"\n\t\t\t\t\t\t\t\talt=\"View full-size photo\"\n\t\t\t\t\t\t\t\tloading=\"lazy\" \/>\n\t\t\t\t\t\t<\/a>\n\t\t\t\t\t\t\t\t\t\t\t<\/figure>\n\t\t\t\t\t\t\t\t\t<figure class=\"unde-photo-gallery__item\">\n\t\t\t\t\t\t<a href=\"https:\/\/unde-uedn.com\/wp-content\/uploads\/2026\/08\/DSC_5354-scaled.jpg\" target=\"_blank\" rel=\"noopener noreferrer\">\n\t\t\t\t\t\t\t<img\n\t\t\t\t\t\t\t\tsrc=\"https:\/\/unde-uedn.com\/wp-content\/uploads\/2026\/08\/DSC_5354-scaled.jpg\"\n\t\t\t\t\t\t\t\talt=\"View full-size photo\"\n\t\t\t\t\t\t\t\tloading=\"lazy\" \/>\n\t\t\t\t\t\t<\/a>\n\t\t\t\t\t\t\t\t\t\t\t<\/figure>\n\t\t\t\t\t\t\t\t\t<figure class=\"unde-photo-gallery__item\">\n\t\t\t\t\t\t<a href=\"https:\/\/unde-uedn.com\/wp-content\/uploads\/2026\/08\/DSC_5380-scaled.jpg\" target=\"_blank\" rel=\"noopener noreferrer\">\n\t\t\t\t\t\t\t<img\n\t\t\t\t\t\t\t\tsrc=\"https:\/\/unde-uedn.com\/wp-content\/uploads\/2026\/08\/DSC_5380-scaled.jpg\"\n\t\t\t\t\t\t\t\talt=\"View full-size photo\"\n\t\t\t\t\t\t\t\tloading=\"lazy\" \/>\n\t\t\t\t\t\t<\/a>\n\t\t\t\t\t\t\t\t\t\t\t<\/figure>\n\t\t\t\t\t\t\t\t\t<figure class=\"unde-photo-gallery__item\">\n\t\t\t\t\t\t<a href=\"https:\/\/unde-uedn.com\/wp-content\/uploads\/2026\/08\/DSC_5364-scaled.jpg\" target=\"_blank\" rel=\"noopener noreferrer\">\n\t\t\t\t\t\t\t<img\n\t\t\t\t\t\t\t\tsrc=\"https:\/\/unde-uedn.com\/wp-content\/uploads\/2026\/08\/DSC_5364-scaled.jpg\"\n\t\t\t\t\t\t\t\talt=\"View full-size photo\"\n\t\t\t\t\t\t\t\tloading=\"lazy\" \/>\n\t\t\t\t\t\t<\/a>\n\t\t\t\t\t\t\t\t\t\t\t<\/figure>\n\t\t\t\t\t\t\t\t\t<figure class=\"unde-photo-gallery__item\">\n\t\t\t\t\t\t<a href=\"https:\/\/unde-uedn.com\/wp-content\/uploads\/2026\/08\/DSC_5341-scaled.jpg\" target=\"_blank\" rel=\"noopener noreferrer\">\n\t\t\t\t\t\t\t<img\n\t\t\t\t\t\t\t\tsrc=\"https:\/\/unde-uedn.com\/wp-content\/uploads\/2026\/08\/DSC_5341-scaled.jpg\"\n\t\t\t\t\t\t\t\talt=\"View full-size photo\"\n\t\t\t\t\t\t\t\tloading=\"lazy\" \/>\n\t\t\t\t\t\t<\/a>\n\t\t\t\t\t\t\t\t\t\t\t<\/figure>\n\t\t\t\t\t\t\t\t\t<figure class=\"unde-photo-gallery__item\">\n\t\t\t\t\t\t<a href=\"https:\/\/unde-uedn.com\/wp-content\/uploads\/2026\/08\/DSC_5348-scaled.jpg\" target=\"_blank\" rel=\"noopener noreferrer\">\n\t\t\t\t\t\t\t<img\n\t\t\t\t\t\t\t\tsrc=\"https:\/\/unde-uedn.com\/wp-content\/uploads\/2026\/08\/DSC_5348-scaled.jpg\"\n\t\t\t\t\t\t\t\talt=\"View full-size photo\"\n\t\t\t\t\t\t\t\tloading=\"lazy\" \/>\n\t\t\t\t\t\t<\/a>\n\t\t\t\t\t\t\t\t\t\t\t<\/figure>\n\t\t\t\t\t\t\t\t\t<figure class=\"unde-photo-gallery__item\">\n\t\t\t\t\t\t<a href=\"https:\/\/unde-uedn.com\/wp-content\/uploads\/2026\/08\/DSC_5479-scaled.jpg\" target=\"_blank\" rel=\"noopener noreferrer\">\n\t\t\t\t\t\t\t<img\n\t\t\t\t\t\t\t\tsrc=\"https:\/\/unde-uedn.com\/wp-content\/uploads\/2026\/08\/DSC_5479-scaled.jpg\"\n\t\t\t\t\t\t\t\talt=\"View full-size photo\"\n\t\t\t\t\t\t\t\tloading=\"lazy\" \/>\n\t\t\t\t\t\t<\/a>\n\t\t\t\t\t\t\t\t\t\t\t<\/figure>\n\t\t\t\t\t\t\t\t\t<figure class=\"unde-photo-gallery__item\">\n\t\t\t\t\t\t<a href=\"https:\/\/unde-uedn.com\/wp-content\/uploads\/2026\/08\/DSC_5460-scaled.jpg\" target=\"_blank\" rel=\"noopener noreferrer\">\n\t\t\t\t\t\t\t<img\n\t\t\t\t\t\t\t\tsrc=\"https:\/\/unde-uedn.com\/wp-content\/uploads\/2026\/08\/DSC_5460-scaled.jpg\"\n\t\t\t\t\t\t\t\talt=\"View full-size photo\"\n\t\t\t\t\t\t\t\tloading=\"lazy\" \/>\n\t\t\t\t\t\t<\/a>\n\t\t\t\t\t\t\t\t\t\t\t<\/figure>\n\t\t\t\t\t\t\t<\/div>\n\t\t\t<\/div>\n<\/section>\n","protected":false},"excerpt":{"rendered":"<p>Des personnes d\u00e9l\u00e9gu\u00e9es de partout au Canada se sont r\u00e9unies aujourd\u2019hui \u00e0 Banff, en Alberta, pour l\u2019ouverture officielle du 20e Congr\u00e8s triennal de l\u2019Union des employ\u00e9s de la D\u00e9fense nationale (UEDN). Pour pr\u00e8s de la moiti\u00e9 des personnes d\u00e9l\u00e9gu\u00e9es pr\u00e9sentes, il s\u2019agit de leur tout premier Congr\u00e8s national de l\u2019UEDN \u2014 un fait qu\u2019a soulign\u00e9 [&hellip;]<\/p>\n","protected":false},"author":2,"featured_media":3981,"comment_status":"open","ping_status":"open","sticky":false,"template":"","format":"standard","meta":{"unde_external_url":"","footnotes":""},"categories":[35],"tags":[],"class_list":["post-3982","post","type-post","status-publish","format-standard","has-post-thumbnail","hentry","category-national-news"],"yoast_head":"<!-- This site is optimized with the Yoast SEO plugin v28.3 - https:\/\/yoast.com\/product\/yoast-seo-wordpress\/ -->\n<title>Le Congr\u00e8s triennal de l\u2019UEDN d\u00e9bute \u00e0 Banff - Union des employ\u00e9s de la D\u00e9fense nationale<\/title>\n<meta name=\"robots\" content=\"index, follow, max-snippet:-1, max-image-preview:large, max-video-preview:-1\" \/>\n<link rel=\"canonical\" href=\"https:\/\/unde-uedn.com\/fr\/le-congres-triennal-de-luedn-debute-a-banff\/\" \/>\n<meta property=\"og:locale\" content=\"fr_FR\" \/>\n<meta property=\"og:type\" content=\"article\" \/>\n<meta property=\"og:title\" content=\"Le Congr\u00e8s triennal de l\u2019UEDN d\u00e9bute \u00e0 Banff - Union des employ\u00e9s de la D\u00e9fense nationale\" \/>\n<meta property=\"og:description\" content=\"Des personnes d\u00e9l\u00e9gu\u00e9es de partout au Canada se sont r\u00e9unies aujourd\u2019hui \u00e0 Banff, en Alberta, pour l\u2019ouverture officielle du 20e Congr\u00e8s triennal de l\u2019Union des employ\u00e9s de la D\u00e9fense nationale (UEDN). Pour pr\u00e8s de la moiti\u00e9 des personnes d\u00e9l\u00e9gu\u00e9es pr\u00e9sentes, il s\u2019agit de leur tout premier Congr\u00e8s national de l\u2019UEDN \u2014 un fait qu\u2019a soulign\u00e9 [&hellip;]\" \/>\n<meta property=\"og:url\" content=\"https:\/\/unde-uedn.com\/fr\/le-congres-triennal-de-luedn-debute-a-banff\/\" \/>\n<meta property=\"og:site_name\" content=\"Union des employ\u00e9s de la D\u00e9fense nationale\" \/>\n<meta property=\"article:published_time\" content=\"2026-08-24T23:33:09+00:00\" \/>\n<meta property=\"article:modified_time\" content=\"2026-08-25T15:43:28+00:00\" \/>\n<meta property=\"og:image\" content=\"https:\/\/unde-uedn.com\/wp-content\/uploads\/2026\/08\/DSC_5368-scaled.jpg\" \/>\n\t<meta property=\"og:image:width\" content=\"2560\" \/>\n\t<meta property=\"og:image:height\" content=\"1709\" \/>\n\t<meta property=\"og:image:type\" content=\"image\/jpeg\" \/>\n<meta name=\"author\" content=\"jessica vaid\" \/>\n<meta name=\"twitter:card\" content=\"summary_large_image\" \/>\n<meta name=\"twitter:label1\" content=\"\u00c9crit par\" \/>\n\t<meta name=\"twitter:data1\" content=\"jessica vaid\" \/>\n\t<meta name=\"twitter:label2\" content=\"Dur\u00e9e de lecture estim\u00e9e\" \/>\n\t<meta name=\"twitter:data2\" content=\"3 minutes\" \/>\n<script type=\"application\/ld+json\" class=\"yoast-schema-graph\">{\"@context\":\"https:\\\/\\\/schema.org\",\"@graph\":[{\"@type\":\"Article\",\"@id\":\"https:\\\/\\\/unde-uedn.com\\\/fr\\\/le-congres-triennal-de-luedn-debute-a-banff\\\/#article\",\"isPartOf\":{\"@id\":\"https:\\\/\\\/unde-uedn.com\\\/fr\\\/le-congres-triennal-de-luedn-debute-a-banff\\\/\"},\"author\":{\"name\":\"jessica vaid\",\"@id\":\"https:\\\/\\\/unde-uedn.com\\\/fr\\\/#\\\/schema\\\/person\\\/4688981e849c9166d1ff5a20649e1ec9\"},\"headline\":\"Le Congr\u00e8s triennal de l\u2019UEDN d\u00e9bute \u00e0 Banff\",\"datePublished\":\"2026-08-24T23:33:09+00:00\",\"dateModified\":\"2026-08-25T15:43:28+00:00\",\"mainEntityOfPage\":{\"@id\":\"https:\\\/\\\/unde-uedn.com\\\/fr\\\/le-congres-triennal-de-luedn-debute-a-banff\\\/\"},\"wordCount\":663,\"commentCount\":0,\"image\":{\"@id\":\"https:\\\/\\\/unde-uedn.com\\\/fr\\\/le-congres-triennal-de-luedn-debute-a-banff\\\/#primaryimage\"},\"thumbnailUrl\":\"https:\\\/\\\/unde-uedn.com\\\/wp-content\\\/uploads\\\/2026\\\/08\\\/DSC_5368-scaled.jpg\",\"articleSection\":[\"Actualit\u00e9s nationales\"],\"inLanguage\":\"fr-FR\",\"potentialAction\":[{\"@type\":\"CommentAction\",\"name\":\"Comment\",\"target\":[\"https:\\\/\\\/unde-uedn.com\\\/fr\\\/le-congres-triennal-de-luedn-debute-a-banff\\\/#respond\"]}]},{\"@type\":\"WebPage\",\"@id\":\"https:\\\/\\\/unde-uedn.com\\\/fr\\\/le-congres-triennal-de-luedn-debute-a-banff\\\/\",\"url\":\"https:\\\/\\\/unde-uedn.com\\\/fr\\\/le-congres-triennal-de-luedn-debute-a-banff\\\/\",\"name\":\"Le Congr\u00e8s triennal de l\u2019UEDN d\u00e9bute \u00e0 Banff - Union des employ\u00e9s de la D\u00e9fense nationale\",\"isPartOf\":{\"@id\":\"https:\\\/\\\/unde-uedn.com\\\/fr\\\/#website\"},\"primaryImageOfPage\":{\"@id\":\"https:\\\/\\\/unde-uedn.com\\\/fr\\\/le-congres-triennal-de-luedn-debute-a-banff\\\/#primaryimage\"},\"image\":{\"@id\":\"https:\\\/\\\/unde-uedn.com\\\/fr\\\/le-congres-triennal-de-luedn-debute-a-banff\\\/#primaryimage\"},\"thumbnailUrl\":\"https:\\\/\\\/unde-uedn.com\\\/wp-content\\\/uploads\\\/2026\\\/08\\\/DSC_5368-scaled.jpg\",\"datePublished\":\"2026-08-24T23:33:09+00:00\",\"dateModified\":\"2026-08-25T15:43:28+00:00\",\"author\":{\"@id\":\"https:\\\/\\\/unde-uedn.com\\\/fr\\\/#\\\/schema\\\/person\\\/4688981e849c9166d1ff5a20649e1ec9\"},\"breadcrumb\":{\"@id\":\"https:\\\/\\\/unde-uedn.com\\\/fr\\\/le-congres-triennal-de-luedn-debute-a-banff\\\/#breadcrumb\"},\"inLanguage\":\"fr-FR\",\"potentialAction\":[{\"@type\":\"ReadAction\",\"target\":[\"https:\\\/\\\/unde-uedn.com\\\/fr\\\/le-congres-triennal-de-luedn-debute-a-banff\\\/\"]}]},{\"@type\":\"ImageObject\",\"inLanguage\":\"fr-FR\",\"@id\":\"https:\\\/\\\/unde-uedn.com\\\/fr\\\/le-congres-triennal-de-luedn-debute-a-banff\\\/#primaryimage\",\"url\":\"https:\\\/\\\/unde-uedn.com\\\/wp-content\\\/uploads\\\/2026\\\/08\\\/DSC_5368-scaled.jpg\",\"contentUrl\":\"https:\\\/\\\/unde-uedn.com\\\/wp-content\\\/uploads\\\/2026\\\/08\\\/DSC_5368-scaled.jpg\",\"width\":2560,\"height\":1709},{\"@type\":\"BreadcrumbList\",\"@id\":\"https:\\\/\\\/unde-uedn.com\\\/fr\\\/le-congres-triennal-de-luedn-debute-a-banff\\\/#breadcrumb\",\"itemListElement\":[{\"@type\":\"ListItem\",\"position\":1,\"name\":\"Home\",\"item\":\"https:\\\/\\\/unde-uedn.com\\\/fr\\\/\"},{\"@type\":\"ListItem\",\"position\":2,\"name\":\"Le Congr\u00e8s triennal de l\u2019UEDN d\u00e9bute \u00e0 Banff\"}]},{\"@type\":\"WebSite\",\"@id\":\"https:\\\/\\\/unde-uedn.com\\\/fr\\\/#website\",\"url\":\"https:\\\/\\\/unde-uedn.com\\\/fr\\\/\",\"name\":\"Union des employ\u00e9s de la D\u00e9fense nationale\",\"description\":\"Representing Department of National Defence employees across Canada\",\"potentialAction\":[{\"@type\":\"SearchAction\",\"target\":{\"@type\":\"EntryPoint\",\"urlTemplate\":\"https:\\\/\\\/unde-uedn.com\\\/fr\\\/?s={search_term_string}\"},\"query-input\":{\"@type\":\"PropertyValueSpecification\",\"valueRequired\":true,\"valueName\":\"search_term_string\"}}],\"inLanguage\":\"fr-FR\"},{\"@type\":\"Person\",\"@id\":\"https:\\\/\\\/unde-uedn.com\\\/fr\\\/#\\\/schema\\\/person\\\/4688981e849c9166d1ff5a20649e1ec9\",\"name\":\"jessica vaid\",\"image\":{\"@type\":\"ImageObject\",\"inLanguage\":\"fr-FR\",\"@id\":\"https:\\\/\\\/secure.gravatar.com\\\/avatar\\\/c5f74017cf706a5759840ed80049313e9a3ac79eaa9a3241603483c0b3cba8ff?s=96&d=mm&r=g\",\"url\":\"https:\\\/\\\/secure.gravatar.com\\\/avatar\\\/c5f74017cf706a5759840ed80049313e9a3ac79eaa9a3241603483c0b3cba8ff?s=96&d=mm&r=g\",\"contentUrl\":\"https:\\\/\\\/secure.gravatar.com\\\/avatar\\\/c5f74017cf706a5759840ed80049313e9a3ac79eaa9a3241603483c0b3cba8ff?s=96&d=mm&r=g\",\"caption\":\"jessica vaid\"},\"url\":\"https:\\\/\\\/unde-uedn.com\\\/fr\\\/author\\\/jessicav\\\/\"}]}<\/script>\n<!-- \/ Yoast SEO plugin. -->","yoast_head_json":{"title":"Le Congr\u00e8s triennal de l\u2019UEDN d\u00e9bute \u00e0 Banff - Union des employ\u00e9s de la D\u00e9fense nationale","robots":{"index":"index","follow":"follow","max-snippet":"max-snippet:-1","max-image-preview":"max-image-preview:large","max-video-preview":"max-video-preview:-1"},"canonical":"https:\/\/unde-uedn.com\/fr\/le-congres-triennal-de-luedn-debute-a-banff\/","og_locale":"fr_FR","og_type":"article","og_title":"Le Congr\u00e8s triennal de l\u2019UEDN d\u00e9bute \u00e0 Banff - Union des employ\u00e9s de la D\u00e9fense nationale","og_description":"Des personnes d\u00e9l\u00e9gu\u00e9es de partout au Canada se sont r\u00e9unies aujourd\u2019hui \u00e0 Banff, en Alberta, pour l\u2019ouverture officielle du 20e Congr\u00e8s triennal de l\u2019Union des employ\u00e9s de la D\u00e9fense nationale (UEDN). Pour pr\u00e8s de la moiti\u00e9 des personnes d\u00e9l\u00e9gu\u00e9es pr\u00e9sentes, il s\u2019agit de leur tout premier Congr\u00e8s national de l\u2019UEDN \u2014 un fait qu\u2019a soulign\u00e9 [&hellip;]","og_url":"https:\/\/unde-uedn.com\/fr\/le-congres-triennal-de-luedn-debute-a-banff\/","og_site_name":"Union des employ\u00e9s de la D\u00e9fense nationale","article_published_time":"2026-08-24T23:33:09+00:00","article_modified_time":"2026-08-25T15:43:28+00:00","og_image":[{"width":2560,"height":1709,"url":"https:\/\/unde-uedn.com\/wp-content\/uploads\/2026\/08\/DSC_5368-scaled.jpg","type":"image\/jpeg"}],"author":"jessica vaid","twitter_card":"summary_large_image","twitter_misc":{"\u00c9crit par":"jessica vaid","Dur\u00e9e de lecture estim\u00e9e":"3 minutes"},"schema":{"@context":"https:\/\/schema.org","@graph":[{"@type":"Article","@id":"https:\/\/unde-uedn.com\/fr\/le-congres-triennal-de-luedn-debute-a-banff\/#article","isPartOf":{"@id":"https:\/\/unde-uedn.com\/fr\/le-congres-triennal-de-luedn-debute-a-banff\/"},"author":{"name":"jessica vaid","@id":"https:\/\/unde-uedn.com\/fr\/#\/schema\/person\/4688981e849c9166d1ff5a20649e1ec9"},"headline":"Le Congr\u00e8s triennal de l\u2019UEDN d\u00e9bute \u00e0 Banff","datePublished":"2026-08-24T23:33:09+00:00","dateModified":"2026-08-25T15:43:28+00:00","mainEntityOfPage":{"@id":"https:\/\/unde-uedn.com\/fr\/le-congres-triennal-de-luedn-debute-a-banff\/"},"wordCount":663,"commentCount":0,"image":{"@id":"https:\/\/unde-uedn.com\/fr\/le-congres-triennal-de-luedn-debute-a-banff\/#primaryimage"},"thumbnailUrl":"https:\/\/unde-uedn.com\/wp-content\/uploads\/2026\/08\/DSC_5368-scaled.jpg","articleSection":["Actualit\u00e9s nationales"],"inLanguage":"fr-FR","potentialAction":[{"@type":"CommentAction","name":"Comment","target":["https:\/\/unde-uedn.com\/fr\/le-congres-triennal-de-luedn-debute-a-banff\/#respond"]}]},{"@type":"WebPage","@id":"https:\/\/unde-uedn.com\/fr\/le-congres-triennal-de-luedn-debute-a-banff\/","url":"https:\/\/unde-uedn.com\/fr\/le-congres-triennal-de-luedn-debute-a-banff\/","name":"Le Congr\u00e8s triennal de l\u2019UEDN d\u00e9bute \u00e0 Banff - Union des employ\u00e9s de la D\u00e9fense nationale","isPartOf":{"@id":"https:\/\/unde-uedn.com\/fr\/#website"},"primaryImageOfPage":{"@id":"https:\/\/unde-uedn.com\/fr\/le-congres-triennal-de-luedn-debute-a-banff\/#primaryimage"},"image":{"@id":"https:\/\/unde-uedn.com\/fr\/le-congres-triennal-de-luedn-debute-a-banff\/#primaryimage"},"thumbnailUrl":"https:\/\/unde-uedn.com\/wp-content\/uploads\/2026\/08\/DSC_5368-scaled.jpg","datePublished":"2026-08-24T23:33:09+00:00","dateModified":"2026-08-25T15:43:28+00:00","author":{"@id":"https:\/\/unde-uedn.com\/fr\/#\/schema\/person\/4688981e849c9166d1ff5a20649e1ec9"},"breadcrumb":{"@id":"https:\/\/unde-uedn.com\/fr\/le-congres-triennal-de-luedn-debute-a-banff\/#breadcrumb"},"inLanguage":"fr-FR","potentialAction":[{"@type":"ReadAction","target":["https:\/\/unde-uedn.com\/fr\/le-congres-triennal-de-luedn-debute-a-banff\/"]}]},{"@type":"ImageObject","inLanguage":"fr-FR","@id":"https:\/\/unde-uedn.com\/fr\/le-congres-triennal-de-luedn-debute-a-banff\/#primaryimage","url":"https:\/\/unde-uedn.com\/wp-content\/uploads\/2026\/08\/DSC_5368-scaled.jpg","contentUrl":"https:\/\/unde-uedn.com\/wp-content\/uploads\/2026\/08\/DSC_5368-scaled.jpg","width":2560,"height":1709},{"@type":"BreadcrumbList","@id":"https:\/\/unde-uedn.com\/fr\/le-congres-triennal-de-luedn-debute-a-banff\/#breadcrumb","itemListElement":[{"@type":"ListItem","position":1,"name":"Home","item":"https:\/\/unde-uedn.com\/fr\/"},{"@type":"ListItem","position":2,"name":"Le Congr\u00e8s triennal de l\u2019UEDN d\u00e9bute \u00e0 Banff"}]},{"@type":"WebSite","@id":"https:\/\/unde-uedn.com\/fr\/#website","url":"https:\/\/unde-uedn.com\/fr\/","name":"Union des employ\u00e9s de la D\u00e9fense nationale","description":"Representing Department of National Defence employees across Canada","potentialAction":[{"@type":"SearchAction","target":{"@type":"EntryPoint","urlTemplate":"https:\/\/unde-uedn.com\/fr\/?s={search_term_string}"},"query-input":{"@type":"PropertyValueSpecification","valueRequired":true,"valueName":"search_term_string"}}],"inLanguage":"fr-FR"},{"@type":"Person","@id":"https:\/\/unde-uedn.com\/fr\/#\/schema\/person\/4688981e849c9166d1ff5a20649e1ec9","name":"jessica vaid","image":{"@type":"ImageObject","inLanguage":"fr-FR","@id":"https:\/\/secure.gravatar.com\/avatar\/c5f74017cf706a5759840ed80049313e9a3ac79eaa9a3241603483c0b3cba8ff?s=96&d=mm&r=g","url":"https:\/\/secure.gravatar.com\/avatar\/c5f74017cf706a5759840ed80049313e9a3ac79eaa9a3241603483c0b3cba8ff?s=96&d=mm&r=g","contentUrl":"https:\/\/secure.gravatar.com\/avatar\/c5f74017cf706a5759840ed80049313e9a3ac79eaa9a3241603483c0b3cba8ff?s=96&d=mm&r=g","caption":"jessica vaid"},"url":"https:\/\/unde-uedn.com\/fr\/author\/jessicav\/"}]}},"_links":{"self":[{"href":"https:\/\/unde-uedn.com\/fr\/wp-json\/wp\/v2\/posts\/3982","targetHints":{"allow":["GET"]}}],"collection":[{"href":"https:\/\/unde-uedn.com\/fr\/wp-json\/wp\/v2\/posts"}],"about":[{"href":"https:\/\/unde-uedn.com\/fr\/wp-json\/wp\/v2\/types\/post"}],"author":[{"embeddable":true,"href":"https:\/\/unde-uedn.com\/fr\/wp-json\/wp\/v2\/users\/2"}],"replies":[{"embeddable":true,"href":"https:\/\/unde-uedn.com\/fr\/wp-json\/wp\/v2\/comments?post=3982"}],"version-history":[{"count":2,"href":"https:\/\/unde-uedn.com\/fr\/wp-json\/wp\/v2\/posts\/3982\/revisions"}],"predecessor-version":[{"id":4005,"href":"https:\/\/unde-uedn.com\/fr\/wp-json\/wp\/v2\/posts\/3982\/revisions\/4005"}],"wp:featuredmedia":[{"embeddable":true,"href":"https:\/\/unde-uedn.com\/fr\/wp-json\/wp\/v2\/media\/3981"}],"wp:attachment":[{"href":"https:\/\/unde-uedn.com\/fr\/wp-json\/wp\/v2\/media?parent=3982"}],"wp:term":[{"taxonomy":"category","embeddable":true,"href":"https:\/\/unde-uedn.com\/fr\/wp-json\/wp\/v2\/categories?post=3982"},{"taxonomy":"post_tag","embeddable":true,"href":"https:\/\/unde-uedn.com\/fr\/wp-json\/wp\/v2\/tags?post=3982"}],"curies":[{"name":"wp","href":"https:\/\/api.w.org\/{rel}","templated":true}]}}